{"id":3016,"date":"2022-03-03T18:16:29","date_gmt":"2022-03-03T21:16:29","guid":{"rendered":"https:\/\/folhaespirita.com.br.br\/jornal\/?p=3016"},"modified":"2026-01-23T20:17:16","modified_gmt":"2026-01-23T23:17:16","slug":"nossa-bussola-para-a-paz-e-o-cristo","status":"publish","type":"post","link":"https:\/\/folhaespirita.com.br\/en\/2022\/03\/03\/nossa-bussola-para-a-paz-e-o-cristo\/","title":{"rendered":"Nossa b\u00fassola para a paz \u00e9 o Cristo"},"content":{"rendered":"<p>Os c\u00e9us da Ucr\u00e2nia, nos \u00faltimos dias, est\u00e3o sendo rasgados por m\u00edsseis. As imagens de tanques nas cidades e, sobretudo, de pessoas deixando suas casas, muitas delas feridas, que tomaram conta de todos os meios de comunica\u00e7\u00e3o n\u00e3o nos deixam d\u00favidas: o horror da guerra est\u00e1 de volta. Isso nos deixa tristes e estarrecidos.<\/p>\n\n\n\n<p>N\u00e3o podemos de forma alguma dizer que desde a Segunda Grande Guerra Mundial n\u00e3o tivemos outros confrontos, pelo contr\u00e1rio, eles foram in\u00fameros e trouxeram muita destrui\u00e7\u00e3o e sofrimento para muitos povos. Entretanto, os contornos de uma guerra que conta com uma das maiores pot\u00eancias militares do mundo, que possui um arsenal nuclear capaz de exterminar com a vida no planeta algumas centenas de vezes, \u00e9 realmente assustador e n\u00e3o h\u00e1 como n\u00e3o nos sentirmos com medo, temendo o pior.<\/p>\n\n\n\n<p>A cada nova atualiza\u00e7\u00e3o, a cada novo relato, a cada cena de explos\u00f5es nas cidades ucranianas \u00e9 comum que as l\u00e1grimas corram livremente. Como isso pode estar acontecendo? Como o orgulho e o ego\u00edsmo pode ainda ditar as regras entre os povos? Por que a for\u00e7a avassaladora da Covid-19, que deixou o mundo inteiro de joelhos, n\u00e3o foi suficiente para que nos reconhec\u00eassemos como uma s\u00f3 fam\u00edlia planet\u00e1ria?<br>S\u00e3o muitas as quest\u00f5es, e enquanto o ritmo destruidor da guerra avan\u00e7a, tamb\u00e9m dispara em nosso peito o cora\u00e7\u00e3o apertado. O que fazer?<\/p>\n\n\n\n<p>A guerra mexe, sim, com cada um n\u00f3s. O luto dos que perdem os entes queridos \u00e9 a nossa dor. O desespero dos que fogem pela vida, abandonando sua terra, revira nossas emo\u00e7\u00f5es e sofremos. O pedido de socorro daqueles que pedem ajuda e protestam ganha eco em nossa mente, que n\u00e3o se cansa de perguntar: por qu\u00ea? Por qu\u00ea?<br>Assim, sem condi\u00e7\u00f5es de prevermos a resultado do momento em que a escalada do medo e do \u00f3dio tomam conta de n\u00f3s, resta-nos continuarmos a viver, mas n\u00e3o mais da mesma forma. \u00c9 preciso cerrar fileiras em torno da paz e n\u00e3o esmorecermos.<\/p>\n\n\n\n<p>O ap\u00f3stolo dos gentios, nos momentos derradeiros de sua vida, assim nos ensinou: \u201cCombati o bom combate, acabei a carreira, guardei a f\u00e9\u201d. Essa frase de Paulo deve nos inspirar, mas \u00e9 importante que se entenda: o que devemos combater? Devemos lutar, combater as nossas pr\u00f3prias sombras.<\/p>\n\n\n\n<p>Na quest\u00e3o n. 742 de <em>The Spirits' Book<\/em>, Kardec questionou os Esp\u00edritos: \u201cQue \u00e9 o que impele o homem \u00e0 guerra?\u201d E a resposta \u00e9 reveladora: \u201cPredomin\u00e2ncia da natureza animal sobre a natureza espiritual e transbordamento das paix\u00f5es. No estado de barbaria, os povos um s\u00f3 direito conhecem: o do mais forte. Por isso \u00e9 que, para tais povos, o de guerra \u00e9 um estado normal. \u00c0 medida que o homem progride, menos frequente se torna a guerra, porque ele lhe evita as causas. E, quando se torna necess\u00e1ria, sabe faz\u00ea-la com humanidade\u201d.<\/p>\n\n\n\n<p>O bom combate \u00e9 urgente para cada um de n\u00f3s, pois quem de n\u00f3s n\u00e3o tem a predomin\u00e2ncia, se n\u00e3o frequente, mas ainda presente da natureza animal sobre a espiritual? O caminho come\u00e7a em n\u00f3s mesmos ao lutarmos para extirparmos o mal e a animalidade que nos consome. Um esfor\u00e7o importante \u00e9 a nossa rea\u00e7\u00e3o perante a destrui\u00e7\u00e3o da guerra, pois \u00e9 muito comum escolhermos um lado para que nos identifiquemos com outros e juntos possamos lutar contra o mal representado em uma na\u00e7\u00e3o, em um l\u00edder, ou seja l\u00e1 o que for. O caminho da paz n\u00e3o tem lados, mas tem dire\u00e7\u00e3o e destino. Esse caminho \u00e9 fundamentado no amor, no perd\u00e3o e na fraternidade. Necessitamos combater a imaturidade moral, que nos faz rotular inimigos para enaltecermos her\u00f3is que promovam a paz.<\/p>\n\n\n\n<p>Naturalmente, \u00e9 preciso energia, firmeza e prote\u00e7\u00e3o aos que sofrem os abalos da guerra, e isso tamb\u00e9m \u00e9 poss\u00edvel fazermos sem viol\u00eancia. O maior s\u00edmbolo de paz da humanidade, Nosso Mestre Jesus, combateu o orgulho e o ego\u00edsmo sem erguer nenhuma arma, sem agredir ningu\u00e9m. Ele deve ser nosso Modelo a ser seguido.<\/p>\n\n\n\n<p>\u00c9 chegada a hora de mudarmos nosso comportamento e assumirmos a responsabilidade pessoal e intransfer\u00edvel de vencermos a n\u00f3s mesmos e, na sequ\u00eancia, difundirmos um verdadeira cultura de paz. Sim, promover a paz \u00e9 um ato cont\u00ednuo e permanente de cada um de n\u00f3s.<\/p>\n\n\n\n<p>Fujamos imediatamente da demoniza\u00e7\u00e3o, do culto exacerbado do \u00f3dio, abandonemos o ego que \u00e9 o verdadeiro motor da guerra. Na trilha do crescimento moral n\u00e3o existem ganhadores e perdedores, mas, sim, irm\u00e3os que se apoiam no amadurecimento.<br>Se voc\u00ea escolheu a paz, viva a paz, fale da paz, sinta a paz, procure reagir diante das adversidades da sua vida com paz. Ore pelos que est\u00e3o nos campos de batalha, nossos irm\u00e3os. Ore pelos dirigentes que est\u00e3o mergulhados no \u00f3dio. Ore pelos que sofrem, mas jamais se esque\u00e7a de lembrar dos que o fazem sofrer.<\/p>\n\n\n\n<p>Responderam os Esp\u00edritos a Kardec que a guerra desaparecer\u00e1 da face da Terra quando os homens (todos n\u00f3s) compreenderem a justi\u00e7a e praticarem a lei de Deus. E nessa \u00e9poca todos os povos ser\u00e3o irm\u00e3os. Oremos muito, mas tamb\u00e9m nos aprofundemos em nossa compreens\u00e3o da justi\u00e7a do Pai, servindo e amando, trabalhando e perdoando.<br>A paz parte de n\u00f3s, se junta a outros cora\u00e7\u00f5es e vai se ampliando em tantos outros que tamb\u00e9m promovam a paz.<\/p>\n\n\n\n<p>Jesus est\u00e1 no leme. Confiemos sem esmorecermos.<\/p>\n\n\n\n<figure class=\"wp-block-embed is-type-rich is-provider-spotify wp-block-embed-spotify wp-embed-aspect-21-9 wp-has-aspect-ratio\"><div class=\"wp-block-embed__wrapper\">\n<iframe title=\"Spotify Embed: 122 - Papo com Cristo - Entrevista com Victor Hugo, Menino\" style=\"border-radius: 12px\" width=\"100%\" height=\"152\" frameborder=\"0\" allowfullscreen allow=\"autoplay; clipboard-write; encrypted-media; fullscreen; picture-in-picture\" loading=\"lazy\" src=\"https:\/\/open.spotify.com\/embed\/episode\/6GjKoVfbIZnjb6jxiQZroP?si=87bd7df139b34052&amp;utm_source=oembed\"><\/iframe>\n<\/div><\/figure>","protected":false},"excerpt":{"rendered":"<p>O horror da guerra est\u00e1 de volta. Isso nos deixa tristes e estarrecidos, mas Jesus est\u00e1 no leme. Confiemos sem esmorecermos.<\/p>","protected":false},"author":3,"featured_media":3066,"comment_status":"open","ping_status":"open","sticky":false,"template":"","format":"standard","meta":{"_acf_changed":false,"footnotes":""},"categories":[22],"tags":[],"edicoes":[489],"class_list":["post-3016","post","type-post","status-publish","format-standard","has-post-thumbnail","hentry","category-editorial","edicoes-576-2"],"acf":[],"_links":{"self":[{"href":"https:\/\/folhaespirita.com.br\/en\/wp-json\/wp\/v2\/posts\/3016","targetHints":{"allow":["GET"]}}],"collection":[{"href":"https:\/\/folhaespirita.com.br\/en\/wp-json\/wp\/v2\/posts"}],"about":[{"href":"https:\/\/folhaespirita.com.br\/en\/wp-json\/wp\/v2\/types\/post"}],"author":[{"embeddable":true,"href":"https:\/\/folhaespirita.com.br\/en\/wp-json\/wp\/v2\/users\/3"}],"replies":[{"embeddable":true,"href":"https:\/\/folhaespirita.com.br\/en\/wp-json\/wp\/v2\/comments?post=3016"}],"version-history":[{"count":4,"href":"https:\/\/folhaespirita.com.br\/en\/wp-json\/wp\/v2\/posts\/3016\/revisions"}],"predecessor-version":[{"id":3062,"href":"https:\/\/folhaespirita.com.br\/en\/wp-json\/wp\/v2\/posts\/3016\/revisions\/3062"}],"wp:featuredmedia":[{"embeddable":true,"href":"https:\/\/folhaespirita.com.br\/en\/wp-json\/wp\/v2\/media\/3066"}],"wp:attachment":[{"href":"https:\/\/folhaespirita.com.br\/en\/wp-json\/wp\/v2\/media?parent=3016"}],"wp:term":[{"taxonomy":"category","embeddable":true,"href":"https:\/\/folhaespirita.com.br\/en\/wp-json\/wp\/v2\/categories?post=3016"},{"taxonomy":"post_tag","embeddable":true,"href":"https:\/\/folhaespirita.com.br\/en\/wp-json\/wp\/v2\/tags?post=3016"},{"taxonomy":"edicoes","embeddable":true,"href":"https:\/\/folhaespirita.com.br\/en\/wp-json\/wp\/v2\/edicoes?post=3016"}],"curies":[{"name":"wp","href":"https:\/\/api.w.org\/{rel}","templated":true}]}}