{"id":5252,"date":"2023-12-03T13:00:24","date_gmt":"2023-12-03T16:00:24","guid":{"rendered":"https:\/\/folhaespirita.com.br.br\/jornal\/?p=5252"},"modified":"2026-01-23T20:17:08","modified_gmt":"2026-01-23T23:17:08","slug":"libertacao","status":"publish","type":"post","link":"https:\/\/folhaespirita.com.br\/en\/2023\/12\/03\/libertacao\/","title":{"rendered":"Liberta\u00e7\u00e3o"},"content":{"rendered":"<h1 class=\"wp-block-heading\"><em>Andr\u00e9 Luiz<\/em><\/h1>\n\n\n\n<figure class=\"wp-block-image size-full\"><img fetchpriority=\"high\" decoding=\"async\" width=\"338\" height=\"500\" src=\"https:\/\/folhaespirita.com.br\/wp-content\/uploads\/2023\/12\/libertacao_chico_xavier.jpg\" alt=\"\" class=\"wp-image-5253\" srcset=\"https:\/\/folhaespirita.com.br\/wp-content\/uploads\/2023\/12\/libertacao_chico_xavier.jpg 338w, https:\/\/folhaespirita.com.br\/wp-content\/uploads\/2023\/12\/libertacao_chico_xavier-203x300.jpg 203w\" sizes=\"(max-width: 338px) 100vw, 338px\" \/><\/figure>\n\n\n\n<p>In <em>Liberta\u00e7\u00e3o<\/em>, o Esp\u00edrito Andr\u00e9 Luiz apresenta a realidade do ambiente de sombras e trevas onde se encontra Greg\u00f3rio, Esp\u00edrito perturbado que, l\u00edder de um grupo obsessor, age sobre Margarida, mo\u00e7a que foi sua contempor\u00e2nea na exist\u00eancia terrena. A emocionante narrativa, que conta com psicografia de Francisco C\u00e2ndido Xavier, mostra a a\u00e7\u00e3o dos irm\u00e3os obsessores e a posterior interven\u00e7\u00e3o ben\u00e9fica dos amigos do Alto sobre os homens encarnados em busca da convers\u00e3o ao bem. Por meio do relato da miss\u00e3o de resgate guiada por seres superiores, o autor espiritual exp\u00f5e provas da miseric\u00f3rdia divina e do amor verdadeiro, que permitem novas oportunidades de liberta\u00e7\u00e3o e crescimento moral a partir do estudo, do perd\u00e3o e do trabalho.<\/p>","protected":false},"excerpt":{"rendered":"<p>Andr\u00e9 Luiz Em Liberta\u00e7\u00e3o, o Esp\u00edrito Andr\u00e9 Luiz apresenta a realidade do ambiente de sombras e trevas onde se encontra Greg\u00f3rio, Esp\u00edrito perturbado que, l\u00edder de um grupo obsessor, age sobre Margarida, mo\u00e7a que foi sua contempor\u00e2nea na exist\u00eancia terrena. A emocionante narrativa, que conta com psicografia de Francisco C\u00e2ndido Xavier, mostra a a\u00e7\u00e3o dos [&hellip;]<\/p>\n","protected":false},"author":3,"featured_media":5254,"comment_status":"open","ping_status":"open","sticky":false,"template":"","format":"standard","meta":{"_acf_changed":false,"footnotes":""},"categories":[27],"tags":[],"edicoes":[591],"class_list":["post-5252","post","type-post","status-publish","format-standard","has-post-thumbnail","hentry","category-biblioteca-chico-xavier","edicoes-597-2"],"acf":[],"_links":{"self":[{"href":"https:\/\/folhaespirita.com.br\/en\/wp-json\/wp\/v2\/posts\/5252","targetHints":{"allow":["GET"]}}],"collection":[{"href":"https:\/\/folhaespirita.com.br\/en\/wp-json\/wp\/v2\/posts"}],"about":[{"href":"https:\/\/folhaespirita.com.br\/en\/wp-json\/wp\/v2\/types\/post"}],"author":[{"embeddable":true,"href":"https:\/\/folhaespirita.com.br\/en\/wp-json\/wp\/v2\/users\/3"}],"replies":[{"embeddable":true,"href":"https:\/\/folhaespirita.com.br\/en\/wp-json\/wp\/v2\/comments?post=5252"}],"version-history":[{"count":1,"href":"https:\/\/folhaespirita.com.br\/en\/wp-json\/wp\/v2\/posts\/5252\/revisions"}],"predecessor-version":[{"id":5255,"href":"https:\/\/folhaespirita.com.br\/en\/wp-json\/wp\/v2\/posts\/5252\/revisions\/5255"}],"wp:featuredmedia":[{"embeddable":true,"href":"https:\/\/folhaespirita.com.br\/en\/wp-json\/wp\/v2\/media\/5254"}],"wp:attachment":[{"href":"https:\/\/folhaespirita.com.br\/en\/wp-json\/wp\/v2\/media?parent=5252"}],"wp:term":[{"taxonomy":"category","embeddable":true,"href":"https:\/\/folhaespirita.com.br\/en\/wp-json\/wp\/v2\/categories?post=5252"},{"taxonomy":"post_tag","embeddable":true,"href":"https:\/\/folhaespirita.com.br\/en\/wp-json\/wp\/v2\/tags?post=5252"},{"taxonomy":"edicoes","embeddable":true,"href":"https:\/\/folhaespirita.com.br\/en\/wp-json\/wp\/v2\/edicoes?post=5252"}],"curies":[{"name":"wp","href":"https:\/\/api.w.org\/{rel}","templated":true}]}}