{"id":7424,"date":"2024-10-01T10:22:22","date_gmt":"2024-10-01T13:22:22","guid":{"rendered":"https:\/\/folhaespirita.com.br.br\/jornal\/?p=7424"},"modified":"2026-01-23T20:17:05","modified_gmt":"2026-01-23T23:17:05","slug":"projeto-espiritizar","status":"publish","type":"post","link":"https:\/\/folhaespirita.com.br\/en\/2024\/10\/01\/projeto-espiritizar\/","title":{"rendered":"Projeto Espiritizar"},"content":{"rendered":"<h1 class=\"wp-block-heading\"><a href=\"about:blank\">https:\/\/espiritizar.feemt.org.br<\/a><\/h1>\n\n\n\n<p>O Projeto Espiritizar \u00e9 uma iniciativa da Federa\u00e7\u00e3o Esp\u00edrita do Estado de Mato Grosso (FEEMT) que visa fortalecer a viv\u00eancia da Doutrina Esp\u00edrita, promovendo educa\u00e7\u00e3o, qualifica\u00e7\u00e3o e humaniza\u00e7\u00e3o dos trabalhadores e frequentadores das institui\u00e7\u00f5es esp\u00edritas, com base nos ensinamentos de Jesus e na codifica\u00e7\u00e3o de Allan Kardec.<\/p>","protected":false},"excerpt":{"rendered":"<p>https:\/\/espiritizar.feemt.org.br O Projeto Espiritizar \u00e9 uma iniciativa da Federa\u00e7\u00e3o Esp\u00edrita do Estado de Mato Grosso (FEEMT) que visa fortalecer a viv\u00eancia da Doutrina Esp\u00edrita, promovendo educa\u00e7\u00e3o, qualifica\u00e7\u00e3o e humaniza\u00e7\u00e3o dos trabalhadores e frequentadores das institui\u00e7\u00f5es esp\u00edritas, com base nos ensinamentos de Jesus e na codifica\u00e7\u00e3o de Allan Kardec.<\/p>","protected":false},"author":3,"featured_media":7426,"comment_status":"open","ping_status":"open","sticky":false,"template":"","format":"standard","meta":{"_acf_changed":false,"footnotes":""},"categories":[24],"tags":[],"edicoes":[609],"class_list":["post-7424","post","type-post","status-publish","format-standard","has-post-thumbnail","hentry","category-espiritismo-na-web","edicoes-609"],"acf":[],"_links":{"self":[{"href":"https:\/\/folhaespirita.com.br\/en\/wp-json\/wp\/v2\/posts\/7424","targetHints":{"allow":["GET"]}}],"collection":[{"href":"https:\/\/folhaespirita.com.br\/en\/wp-json\/wp\/v2\/posts"}],"about":[{"href":"https:\/\/folhaespirita.com.br\/en\/wp-json\/wp\/v2\/types\/post"}],"author":[{"embeddable":true,"href":"https:\/\/folhaespirita.com.br\/en\/wp-json\/wp\/v2\/users\/3"}],"replies":[{"embeddable":true,"href":"https:\/\/folhaespirita.com.br\/en\/wp-json\/wp\/v2\/comments?post=7424"}],"version-history":[{"count":2,"href":"https:\/\/folhaespirita.com.br\/en\/wp-json\/wp\/v2\/posts\/7424\/revisions"}],"predecessor-version":[{"id":7493,"href":"https:\/\/folhaespirita.com.br\/en\/wp-json\/wp\/v2\/posts\/7424\/revisions\/7493"}],"wp:featuredmedia":[{"embeddable":true,"href":"https:\/\/folhaespirita.com.br\/en\/wp-json\/wp\/v2\/media\/7426"}],"wp:attachment":[{"href":"https:\/\/folhaespirita.com.br\/en\/wp-json\/wp\/v2\/media?parent=7424"}],"wp:term":[{"taxonomy":"category","embeddable":true,"href":"https:\/\/folhaespirita.com.br\/en\/wp-json\/wp\/v2\/categories?post=7424"},{"taxonomy":"post_tag","embeddable":true,"href":"https:\/\/folhaespirita.com.br\/en\/wp-json\/wp\/v2\/tags?post=7424"},{"taxonomy":"edicoes","embeddable":true,"href":"https:\/\/folhaespirita.com.br\/en\/wp-json\/wp\/v2\/edicoes?post=7424"}],"curies":[{"name":"wp","href":"https:\/\/api.w.org\/{rel}","templated":true}]}}