{"id":8337,"date":"2025-07-07T01:33:26","date_gmt":"2025-07-07T04:33:26","guid":{"rendered":"https:\/\/folhaespirita.com.br.br\/jornal\/?p=8337"},"modified":"2026-01-23T20:17:01","modified_gmt":"2026-01-23T23:17:01","slug":"jesus-eu-venci-o-mundo","status":"publish","type":"post","link":"https:\/\/folhaespirita.com.br\/en\/2025\/07\/07\/jesus-eu-venci-o-mundo\/","title":{"rendered":"Jesus: \u201cI have overcome the world\u201d"},"content":{"rendered":"<p><em>\u201cTenho-vos dito isto, para que em mim tenhais paz; no mundo tereis afli\u00e7\u00f5es, mas tende bom \u00e2nimo, eu venci o mundo\u201d <\/em>(Jo\u00e3o 16:33).<\/p>\n\n\n\n<figure class=\"wp-block-image size-full is-resized\"><img fetchpriority=\"high\" decoding=\"async\" width=\"667\" height=\"375\" src=\"https:\/\/folhaespirita.com.br\/wp-content\/uploads\/2025\/07\/Abstracao_com_horas_e_tempo.jpg\" alt=\"\" class=\"wp-image-8429\" style=\"width:840px;height:auto\" srcset=\"https:\/\/folhaespirita.com.br\/wp-content\/uploads\/2025\/07\/Abstracao_com_horas_e_tempo.jpg 667w, https:\/\/folhaespirita.com.br\/wp-content\/uploads\/2025\/07\/Abstracao_com_horas_e_tempo-300x169.jpg 300w, https:\/\/folhaespirita.com.br\/wp-content\/uploads\/2025\/07\/Abstracao_com_horas_e_tempo-600x337.jpg 600w\" sizes=\"(max-width: 667px) 100vw, 667px\" \/><\/figure>\n\n\n\n<p>Vencer o mundo \u00e9 bem diferente de vencer no mundo.<\/p>\n\n\n\n<p>Sendo filhos de Deus, fomos criados na simplicidade e na ignor\u00e2ncia, tendo como objetivo e meta alcan\u00e7armos a perfei\u00e7\u00e3o. Isso, obviamente, por meio do livre-arb\u00edtrio e do esfor\u00e7o pr\u00f3prio, contando sempre com os mecanismos de apoio e seguran\u00e7a oferecidos pelo Pai Celestial.<\/p>\n\n\n\n<p>No \u00e2mbito do c\u00f3digo divino, n\u00e3o existem privil\u00e9gios para ningu\u00e9m. Assim, cada criatura humana colher\u00e1 o fruto decorrente da semente que plantar, recebendo o reflexo de cada a\u00e7\u00e3o que praticar. Diante disso, n\u00e3o podemos ignorar a import\u00e2ncia que precisamos dar \u00e0s prioridades que elegemos para a nossa vida, pois, tendo a perfei\u00e7\u00e3o como meta a ser alcan\u00e7ada, todo o roteiro da exist\u00eancia terrena dever\u00e1 manter esse objetivo em vista, uma vez que a paz que sonhamos e a felicidade que buscamos nascer\u00e3o do equil\u00edbrio das nossas atitudes. Portanto, nossas conquistas e vit\u00f3rias neste mundo ser\u00e3o relevantes na medida em que nos assegurem prosperidade espiritual.<\/p>\n\n\n\n<p>Quando Jesus afirmou que venceu o mundo, estava informando \u00e0 humanidade que a verdadeira batalha a ser vencida \u00e9 aquela que travamos, diariamente, contra as paix\u00f5es inferiores e os arrastamentos de baixo n\u00edvel, que ainda insistem em nos afastar da verdadeira felicidade.<\/p>\n\n\n\n<p class=\"has-luminous-vivid-orange-color has-text-color has-link-color wp-elements-c584e1fff5d6a50fecce21fb8c8e876c\" style=\"font-size:24px\">\u201cOs tempos s\u00e3o chegados \u2013 sim, s\u00e3o chegados \u2013 para que tenhamos a mais absoluta convic\u00e7\u00e3o de que os valores a serem conquistados s\u00e3o aqueles que sustentam a nossa evolu\u00e7\u00e3o como Esp\u00edritos eternos que somos, ainda que, para isso, aparentemente tenhamos que \u201cperder\u201d aqui no mundo.\u201d<\/p>\n\n\n\n<p>Muitos vencem no mundo, obtendo poder, gl\u00f3ria, fortuna, destaque, fama, prest\u00edgio e tanto mais, mas perdem moralmente, pois fazem uso dos mais s\u00f3rdidos m\u00e9todos para alcan\u00e7arem os postos que t\u00eam em mira. N\u00e3o raras vezes, triunfam sobre a dor e o sofrimento do pr\u00f3ximo, abrindo as portas para o retorno, contra si mesmos, das consequ\u00eancias que decorrem dos atos nefastos que disseminaram.<\/p>\n\n\n\n<p>No \u00e2mbito da irresponsabilidade, alimentam o mal que, indubitavelmente, no futuro, atingir\u00e1 seus cora\u00e7\u00f5es. Ganham no mundo f\u00edsico, mas fracassam espetacularmente nas esferas espirituais. Ostentam trof\u00e9us e estandartes terrenos, para depois gemerem aflitivamente nas paragens do Esp\u00edrito.<\/p>\n\n\n\n<p>Atualmente, diante de tantas informa\u00e7\u00f5es e esclarecimentos, j\u00e1 n\u00e3o se pode negar que somos Esp\u00edritos eternos e que a presente exist\u00eancia terrena \u00e9 apenas uma pequena etapa da nossa longa jornada evolutiva. No entanto, infelizmente, ainda vemos criaturas fazendo uso de seus dias como se fossem os \u00faltimos de sua vida total, esfor\u00e7ando-se por extrair deles todo tipo de prazer e satisfa\u00e7\u00e3o poss\u00edveis \u2013 ainda que, para isso, tenham que ferir os mais comezinhos princ\u00edpios da dignidade, da nobreza e da honradez.<\/p>\n\n\n\n<p>Obviamente, \u00e9 um ledo e terr\u00edvel engano acreditar que alguns fugidios momentos de suposta felicidade aqui na Terra, conseguidos a qualquer custo, possam contribuir para que alcancemos a perfei\u00e7\u00e3o espiritual a que estamos destinados pelas s\u00e1bias e justas leis de Deus. N\u00e3o tenhamos qualquer d\u00favida: a nossa verdadeira e definitiva felicidade nascer\u00e1 da felicidade que plantarmos nos cora\u00e7\u00f5es alheios. Foi por isso que Jesus ensinou: \u201cAmai-vos uns aos outros\u201d (Jo\u00e3o 13, 34).<\/p>\n\n\n\n<p>Sem ilus\u00f5es, n\u00e3o acreditemos que todas as vit\u00f3rias obtidas no mundo f\u00edsico nos assegurem uma boa posi\u00e7\u00e3o no mundo espiritual, mas, sim, somente aquelas que tiveram como proposta a nossa melhoria interior \u2013 aquelas que nos ajudaram no combate ao orgulho e ao ego\u00edsmo, que tantos males e preju\u00edzos nos t\u00eam causado.<\/p>\n\n\n\n<p>Os tempos s\u00e3o chegados \u2013 sim, s\u00e3o chegados \u2013 para que tenhamos a mais absoluta convic\u00e7\u00e3o de que os valores a serem conquistados s\u00e3o aqueles que sustentam a nossa evolu\u00e7\u00e3o como Esp\u00edritos eternos que somos, mesmo que, para isso, aparentemente, tenhamos que perder aqui no mundo.<\/p>\n\n\n\n<p>Assim, nos preocupemos, a exemplo de Jesus, em vencer o mundo, e n\u00e3o, a qualquer custo, vencer no mundo.<\/p>\n\n\n\n<p>Reflitamos!<\/p>","protected":false},"excerpt":{"rendered":"<p>\u201cTenho-vos dito isto, para que em mim tenhais paz; no mundo tereis afli\u00e7\u00f5es, mas tende bom \u00e2nimo, eu venci o mundo\u201d (Jo\u00e3o 16:33). Vencer o mundo \u00e9 bem diferente de vencer no mundo. Sendo filhos de Deus, fomos criados na simplicidade e na ignor\u00e2ncia, tendo como objetivo e meta alcan\u00e7armos a perfei\u00e7\u00e3o. Isso, obviamente, por [&hellip;]<\/p>\n","protected":false},"author":5,"featured_media":8419,"comment_status":"open","ping_status":"open","sticky":false,"template":"","format":"standard","meta":{"_acf_changed":false,"footnotes":""},"categories":[18],"tags":[],"edicoes":[647],"class_list":["post-8337","post","type-post","status-publish","format-standard","has-post-thumbnail","hentry","category-artigo","edicoes-647"],"acf":[],"_links":{"self":[{"href":"https:\/\/folhaespirita.com.br\/en\/wp-json\/wp\/v2\/posts\/8337","targetHints":{"allow":["GET"]}}],"collection":[{"href":"https:\/\/folhaespirita.com.br\/en\/wp-json\/wp\/v2\/posts"}],"about":[{"href":"https:\/\/folhaespirita.com.br\/en\/wp-json\/wp\/v2\/types\/post"}],"author":[{"embeddable":true,"href":"https:\/\/folhaespirita.com.br\/en\/wp-json\/wp\/v2\/users\/5"}],"replies":[{"embeddable":true,"href":"https:\/\/folhaespirita.com.br\/en\/wp-json\/wp\/v2\/comments?post=8337"}],"version-history":[{"count":3,"href":"https:\/\/folhaespirita.com.br\/en\/wp-json\/wp\/v2\/posts\/8337\/revisions"}],"predecessor-version":[{"id":8436,"href":"https:\/\/folhaespirita.com.br\/en\/wp-json\/wp\/v2\/posts\/8337\/revisions\/8436"}],"wp:featuredmedia":[{"embeddable":true,"href":"https:\/\/folhaespirita.com.br\/en\/wp-json\/wp\/v2\/media\/8419"}],"wp:attachment":[{"href":"https:\/\/folhaespirita.com.br\/en\/wp-json\/wp\/v2\/media?parent=8337"}],"wp:term":[{"taxonomy":"category","embeddable":true,"href":"https:\/\/folhaespirita.com.br\/en\/wp-json\/wp\/v2\/categories?post=8337"},{"taxonomy":"post_tag","embeddable":true,"href":"https:\/\/folhaespirita.com.br\/en\/wp-json\/wp\/v2\/tags?post=8337"},{"taxonomy":"edicoes","embeddable":true,"href":"https:\/\/folhaespirita.com.br\/en\/wp-json\/wp\/v2\/edicoes?post=8337"}],"curies":[{"name":"wp","href":"https:\/\/api.w.org\/{rel}","templated":true}]}}