{"id":8356,"date":"2025-07-07T13:41:28","date_gmt":"2025-07-07T16:41:28","guid":{"rendered":"https:\/\/folhaespirita.com.br.br\/jornal\/?p=8356"},"modified":"2026-01-23T20:17:01","modified_gmt":"2026-01-23T23:17:01","slug":"servir-para-curar-se-a-chama-que-o-mednesp-acendeu-em-mim","status":"publish","type":"post","link":"https:\/\/folhaespirita.com.br\/en\/2025\/07\/07\/servir-para-curar-se-a-chama-que-o-mednesp-acendeu-em-mim\/","title":{"rendered":"Serving to heal: the flame that Mednesp lit in me"},"content":{"rendered":"<figure class=\"wp-block-image size-full is-resized\"><img fetchpriority=\"high\" decoding=\"async\" width=\"680\" height=\"453\" src=\"https:\/\/folhaespirita.com.br\/wp-content\/uploads\/2025\/07\/Servir_para_curar-se_no_mednesp.jpg\" alt=\"\" class=\"wp-image-8414\" style=\"width:840px;height:auto\" srcset=\"https:\/\/folhaespirita.com.br\/wp-content\/uploads\/2025\/07\/Servir_para_curar-se_no_mednesp.jpg 680w, https:\/\/folhaespirita.com.br\/wp-content\/uploads\/2025\/07\/Servir_para_curar-se_no_mednesp-300x200.jpg 300w, https:\/\/folhaespirita.com.br\/wp-content\/uploads\/2025\/07\/Servir_para_curar-se_no_mednesp-600x400.jpg 600w\" sizes=\"(max-width: 680px) 100vw, 680px\" \/><\/figure>\n\n\n\n<p>Ainda fecho os olhos e sinto. Consigo voltar para junho de 2025 e reviver a honra e a alegria que transbordavam em meu peito. A minha jornada com o Mednesp n\u00e3o come\u00e7ou agora. Ela teve in\u00edcio em 1991, na primeira edi\u00e7\u00e3o do congresso, quando meus pais, Lu\u00eds Carlos e Luizete, me levaram pela m\u00e3o para ajudar nesse evento. Eles me ensinaram, desde cedo, a li\u00e7\u00e3o mais valiosa da minha vida: o bem que servir nos faz. Foi ali, nos corredores dos primeiros Mednesp, que entendi o que \u00e9 realmente amar a vida e viver por um prop\u00f3sito.<\/p>\n\n\n\n<p>Este ano, ao caminhar entre as 2.100 almas reunidas (presencial e on-line), eu n\u00e3o era apenas um dos aproximadamente 170 volunt\u00e1rios. Eu era um filho daquele movimento, vendo a semente plantada por meus pais florescer em mim. Meu papel era ajudar na organiza\u00e7\u00e3o, mas a verdade \u00e9 que me senti muito auxiliado e acolhido em cada sorriso, revivendo a ess\u00eancia do que me foi ensinado.<\/p>\n\n\n\n<p>A coer\u00eancia entre o discurso e a pr\u00e1tica sempre me tocou profundamente. Falamos de cura, e a cura come\u00e7ava em nosso impacto no mundo: o crach\u00e1 que vira planta, a aus\u00eancia de descart\u00e1veis com copos biodegrad\u00e1veis. &nbsp;Em 2025, essa consci\u00eancia se ampliou de maneira t\u00e3o significativa que se tornou um marco para o Movimento Esp\u00edrita.<\/p>\n\n\n\n<p>O painel \u201cDiversidade e inclus\u00e3o na casa esp\u00edrita\u201d, brilhantemente conduzido pelos amigos Andrei Moreira e Moacyr Camargo, contando com a alegria da presen\u00e7a de \u00cdkaro Kadoshi, proporcionou uma experi\u00eancia marcante. Ali, mais uma vez, vi o Mednesp fazer hist\u00f3ria, mostrando a todos que a cura nasce da postura sincera de compreens\u00e3o, aceita\u00e7\u00e3o e amor ao pr\u00f3ximo. Essa mesma emo\u00e7\u00e3o tomou conta de mim ao testemunhar, pela primeira vez, a tradu\u00e7\u00e3o para Libras \u2013 quebrando barreiras e unindo cora\u00e7\u00f5es.<\/p>\n\n\n\n<p>Para mim, o cora\u00e7\u00e3o do Mednesp 2025 bateu tamb\u00e9m mais forte na exposi\u00e7\u00e3o dos 30 anos da AME-Brasil. Aquilo n\u00e3o era apenas uma exposi\u00e7\u00e3o; era o filme da minha vida. Cada painel reavivava momentos, aprendizados e a saudade de cora\u00e7\u00f5es amados, como o da inesquec\u00edvel dra. Marlene Nobre. Ali, eu n\u00e3o vi apenas a hist\u00f3ria de uma entidade; eu revi a minha pr\u00f3pria hist\u00f3ria. Aqueles 30 anos da AME-Brasil eram tamb\u00e9m 30 anos da minha vida, e pude perceber o quanto cada hora de servi\u00e7o nos Mednesp foi e \u00e9 fundamental para a minha pr\u00f3pria caminhada.<\/p>\n\n\n\n<p>Ademais, o Mednesp tamb\u00e9m serve para criar e fortalecer la\u00e7os, por isso seria imposs\u00edvel n\u00e3o mencionar a gratid\u00e3o pelo trabalho em conjunto com tantos cora\u00e7\u00f5es amigos. N\u00e3o posso deixar de dizer o quanto sou grato por ter contado com a parceria do dr. Marcus Ribeiro, presidente da AME-SP. Ele foi um amigo e parceiro de ideal em tantas horas de dedica\u00e7\u00e3o. O Mednesp nos uniu ainda mais, fortalecendo nosso compromisso com o mesmo prop\u00f3sito. Eu disse a ele que depois do evento n\u00e3o havia como largar de sua m\u00e3o.<\/p>\n\n\n\n<p>Por tudo isso, o Mednesp n\u00e3o terminou. Ele n\u00e3o pode morrer dentro de mim. Ele \u00e9 um chamado que ecoa h\u00e1 mais de 30 anos. Agora \u00e9 a nossa vez de pegar aquela semente do crach\u00e1 \u2013 e a semente que carregamos na alma \u2013 e faz\u00ea-la germinar.<\/p>\n\n\n\n<p>O Mednesp foi, mais uma vez, o grande convite. A n\u00f3s, cabe agora fazer do \u201cservir para curar-se\u201d a nossa maneira de viver. No fim de tudo, senti com cada fibra do meu ser \u2013 desde aquele menino de 1991 at\u00e9 o homem de hoje \u2013 que vale a pena viver. Sim, como vale a pena viver.<\/p>\n\n\n\n<p class=\"has-small-font-size\"><strong><em>Conrado Santos<\/em><\/strong><em> \u00e9 volunt\u00e1rio, coordenador do Mednesp e CEO da Consci\u00eancia S\/A<\/em><\/p>","protected":false},"excerpt":{"rendered":"<p>Ainda fecho os olhos e sinto. Consigo voltar para junho de 2025 e reviver a honra e a alegria que transbordavam em meu peito. A minha jornada com o Mednesp n\u00e3o come\u00e7ou agora. Ela teve in\u00edcio em 1991, na primeira edi\u00e7\u00e3o do congresso, quando meus pais, Lu\u00eds Carlos e Luizete, me levaram pela m\u00e3o para [&hellip;]<\/p>\n","protected":false},"author":9,"featured_media":8412,"comment_status":"open","ping_status":"open","sticky":false,"template":"","format":"standard","meta":{"_acf_changed":false,"footnotes":""},"categories":[18],"tags":[],"edicoes":[647],"class_list":["post-8356","post","type-post","status-publish","format-standard","has-post-thumbnail","hentry","category-artigo","edicoes-647"],"acf":[],"_links":{"self":[{"href":"https:\/\/folhaespirita.com.br\/en\/wp-json\/wp\/v2\/posts\/8356","targetHints":{"allow":["GET"]}}],"collection":[{"href":"https:\/\/folhaespirita.com.br\/en\/wp-json\/wp\/v2\/posts"}],"about":[{"href":"https:\/\/folhaespirita.com.br\/en\/wp-json\/wp\/v2\/types\/post"}],"author":[{"embeddable":true,"href":"https:\/\/folhaespirita.com.br\/en\/wp-json\/wp\/v2\/users\/9"}],"replies":[{"embeddable":true,"href":"https:\/\/folhaespirita.com.br\/en\/wp-json\/wp\/v2\/comments?post=8356"}],"version-history":[{"count":2,"href":"https:\/\/folhaespirita.com.br\/en\/wp-json\/wp\/v2\/posts\/8356\/revisions"}],"predecessor-version":[{"id":8415,"href":"https:\/\/folhaespirita.com.br\/en\/wp-json\/wp\/v2\/posts\/8356\/revisions\/8415"}],"wp:featuredmedia":[{"embeddable":true,"href":"https:\/\/folhaespirita.com.br\/en\/wp-json\/wp\/v2\/media\/8412"}],"wp:attachment":[{"href":"https:\/\/folhaespirita.com.br\/en\/wp-json\/wp\/v2\/media?parent=8356"}],"wp:term":[{"taxonomy":"category","embeddable":true,"href":"https:\/\/folhaespirita.com.br\/en\/wp-json\/wp\/v2\/categories?post=8356"},{"taxonomy":"post_tag","embeddable":true,"href":"https:\/\/folhaespirita.com.br\/en\/wp-json\/wp\/v2\/tags?post=8356"},{"taxonomy":"edicoes","embeddable":true,"href":"https:\/\/folhaespirita.com.br\/en\/wp-json\/wp\/v2\/edicoes?post=8356"}],"curies":[{"name":"wp","href":"https:\/\/api.w.org\/{rel}","templated":true}]}}