{"id":12989,"date":"2026-02-03T21:50:24","date_gmt":"2026-02-04T00:50:24","guid":{"rendered":"https:\/\/folhaespirita.com.br\/?p=12989"},"modified":"2026-02-07T09:40:10","modified_gmt":"2026-02-07T12:40:10","slug":"o-mundo-entrou-na-era-da-falencia-hidrica-global","status":"publish","type":"post","link":"https:\/\/folhaespirita.com.br\/es\/2026\/02\/03\/o-mundo-entrou-na-era-da-falencia-hidrica-global\/","title":{"rendered":"El mundo ha entrado en la era de la bancarrota global del agua"},"content":{"rendered":"\n<p class=\"has-small-font-size\"><strong>CARLOS ORLANDO VILLARRAGA<\/strong>   \u2666<\/p>\n\n\n\n<p><font dir=\"auto\" style=\"vertical-align: inherit;\"><font dir=\"auto\" style=\"vertical-align: inherit;\"><font dir=\"auto\" style=\"vertical-align: inherit;\"><font dir=\"auto\" style=\"vertical-align: inherit;\">O abastecimento de \u00e1gua no mundo entrou em uma era de fal\u00eancia, ap\u00f3s d\u00e9cadas de uso intensivo e excessivo, polui\u00e7\u00e3o, degrada\u00e7\u00e3o do solo, desmatamento e agravamento pelas temperaturas clim\u00e1ticas. Esse \u00e9 o cen\u00e1rio preocupante apresentado no relat\u00f3rio <\/font><\/font><\/font><\/font><em><font dir=\"auto\" style=\"vertical-align: inherit;\"><font dir=\"auto\" style=\"vertical-align: inherit;\"><font dir=\"auto\" style=\"vertical-align: inherit;\"><font dir=\"auto\" style=\"vertical-align: inherit;\">Fal\u00eancia h\u00eddrica global: vivendo al\u00e9m dos nossos recursos hidrol\u00f3gicos na era p\u00f3s-crise<\/font><\/font><\/font><\/font><\/em><font dir=\"auto\" style=\"vertical-align: inherit;\"><font dir=\"auto\" style=\"vertical-align: inherit;\"><font dir=\"auto\" style=\"vertical-align: inherit;\"><font dir=\"auto\" style=\"vertical-align: inherit;\"> , lan\u00e7ado em 20 de janeiro de 2026, pelo Instituto para \u00c1gua, Meio Ambiente e Sa\u00fade da Universidade das Na\u00e7\u00f5es Unidas (UNU-INWEH, 2026).<\/font><\/font><\/font><\/font><\/p>\n\n\n\n<figure class=\"wp-block-image size-full\"><img fetchpriority=\"high\" decoding=\"async\" width=\"739\" height=\"493\" src=\"https:\/\/folhaespirita.com.br\/wp-content\/uploads\/2026\/02\/Crise_hidrica.jpg\" alt=\"\" class=\"wp-image-13131\" srcset=\"https:\/\/folhaespirita.com.br\/wp-content\/uploads\/2026\/02\/Crise_hidrica.jpg 739w, https:\/\/folhaespirita.com.br\/wp-content\/uploads\/2026\/02\/Crise_hidrica-300x200.jpg 300w, https:\/\/folhaespirita.com.br\/wp-content\/uploads\/2026\/02\/Crise_hidrica-18x12.jpg 18w\" sizes=\"(max-width: 739px) 100vw, 739px\" \/><\/figure>\n\n\n\n<p>O demonstrativo foi divulgado antes de uma reuni\u00e3o de alto n\u00edvel em Dacar, no Senegal, ocorrida nos dias 26 e 27 de janeiro. O encontro teve como foco a prepara\u00e7\u00e3o da Confer\u00eancia da ONU sobre a \u00c1gua de 2026, que ser\u00e1 realizada nos Emirados \u00c1rabes Unidos, na primeira semana de dezembro.<\/p>\n\n\n\n<p>A fal\u00eancia h\u00eddrica \u00e9 o resultado da extra\u00e7\u00e3o excessiva e persistente de \u00e1guas superficiais e subterr\u00e2neas em volume superior aos fluxos renov\u00e1veis e aos n\u00edveis seguros de deple\u00e7\u00e3o. Usando analogias financeiras, o relat\u00f3rio afirma que muitas sociedades n\u00e3o apenas gastaram em excesso sua \u201crenda\u201d anual de \u00e1gua renov\u00e1vel, proveniente de rios, lagos, solos e neve derretida, como tamb\u00e9m esgotaram suas \u201creservas\u201d de longo prazo, existentes em aqu\u00edferos, geleiras, zonas \u00famidas e outros reservat\u00f3rios naturais.<\/p>\n\n\n\n<p>Os dados, as evid\u00eancias cient\u00edficas e as estat\u00edsticas recentes apresentadas no relat\u00f3rio s\u00e3o contundentes ao tratar da \u201cfal\u00eancia h\u00eddrica\u201d, causada principalmente pelas a\u00e7\u00f5es e decis\u00f5es de uma parcela da humanidade. Seus efeitos atingem de forma mais grave as popula\u00e7\u00f5es vulner\u00e1veis, assim como in\u00fameros outros seres n\u00e3o humanos. Seguem alguns exemplos (UNU-INWEH, 2026):<\/p>\n\n\n\n<ul class=\"wp-block-list\">\n<li>75% da popula\u00e7\u00e3o mundial residem em pa\u00edses classificados com inseguran\u00e7a h\u00eddrica ou inseguran\u00e7a h\u00eddrica cr\u00edtica. Cerca de 2,2 bilh\u00f5es de pessoas n\u00e3o t\u00eam acesso \u00e0 \u00e1gua pot\u00e1vel, e 3,5 bilh\u00f5es n\u00e3o contam com tratamento de esgoto. Aproximadamente 4 bilh\u00f5es de pessoas sofrem com grave escassez de \u00e1gua por pelo menos um m\u00eas ao ano;<\/li>\n\n\n\n<li>mais da metade dos grandes lagos do mundo perdeu volume desde o in\u00edcio da d\u00e9cada de 1990, afetando cerca de 25% da humanidade, que depende diretamente desses reservat\u00f3rios;<\/li>\n\n\n\n<li>as \u00e1guas subterr\u00e2neas fornecem atualmente cerca de 50% do consumo dom\u00e9stico global de \u00e1gua e mais de 40% da \u00e1gua utilizada na irriga\u00e7\u00e3o. Isso vincula diretamente a seguran\u00e7a da \u00e1gua pot\u00e1vel e a produ\u00e7\u00e3o de alimentos aos aqu\u00edferos, que est\u00e3o se esgotando rapidamente. Aproximadamente 70% dos principais aqu\u00edferos do planeta apresentam tend\u00eancias de decl\u00ednio a longo prazo;<\/li>\n\n\n\n<li>a extra\u00e7\u00e3o excessiva de \u00e1gua subterr\u00e2nea j\u00e1 contribuiu para uma significativa subsid\u00eancia do solo \u2013 movimento relativamente lento de afundamento \u2013 em mais de 6 milh\u00f5es de quil\u00f4metros quadrados, o que corresponde a quase 5% da \u00e1rea terrestre global. Est\u00e3o inclu\u00eddos mais de 200 mil quil\u00f4metros quadrados de zonas urbanas densamente povoadas, onde vivem cerca de 2 bilh\u00f5es de pessoas;<\/li>\n\n\n\n<li>o mundo j\u00e1 perdeu, em diversas regi\u00f5es, mais de 30% de sua massa glaciar desde 1970, comprometendo a seguran\u00e7a h\u00eddrica de longo prazo de centenas de milh\u00f5es de pessoas que dependem de rios alimentados por geleiras e pelo derretimento da neve para abastecimento, irriga\u00e7\u00e3o e gera\u00e7\u00e3o de energia hidrel\u00e9trica;<\/li>\n\n\n\n<li>aproximadamente 70% da \u00e1gua doce retirada globalmente \u00e9 utilizada na agricultura. Cerca de 3 bilh\u00f5es de pessoas e mais da metade da produ\u00e7\u00e3o mundial de alimentos est\u00e3o localizadas em \u00e1reas onde o armazenamento total de \u00e1gua \u2013 incluindo \u00e1gua superficial, umidade do solo, neve, gelo e \u00e1gua subterr\u00e2nea \u2013 j\u00e1 est\u00e1 diminuindo ou se mostra inst\u00e1vel;<\/li>\n\n\n\n<li>em muitas bacias hidrogr\u00e1ficas, a polui\u00e7\u00e3o proveniente de \u00e1guas residuais n\u00e3o tratadas ou tratadas de forma inadequada, do escoamento agr\u00edcola, de efluentes industriais e de minera\u00e7\u00e3o, al\u00e9m da saliniza\u00e7\u00e3o, faz com que uma parcela crescente da \u00e1gua n\u00e3o seja mais segura ou economicamente vi\u00e1vel para o consumo humano, a produ\u00e7\u00e3o de alimentos ou a manuten\u00e7\u00e3o da vitalidade dos ecossistemas;<\/li>\n\n\n\n<li>nas \u00faltimas cinco d\u00e9cadas, o mundo perdeu aproximadamente 410 milh\u00f5es de hectares de zonas \u00famidas naturais \u2013 \u00e1rea quase equivalente \u00e0 da Uni\u00e3o Europeia \u2013, incluindo cerca de 177 milh\u00f5es de hectares de p\u00e2ntanos e brejos interiores.<\/li>\n\n\n\n<li>&nbsp;<\/li>\n<\/ul>\n\n\n\n<p class=\"has-vivid-cyan-blue-color has-text-color has-link-color wp-elements-87c635a9a56757807fa7982a85f40ded\" style=\"font-size:24px\"><strong>\u201cA humanidade n\u00e3o est\u00e1 vivendo uma crise h\u00eddrica passageira, mas uma fal\u00eancia estrutural provocada por d\u00e9cadas de abuso dos recursos naturais.\u201d<\/strong><\/p>\n\n\n\n<p>Todos esses dados s\u00e3o extremamente graves e preocupantes, considerando que a \u00e1gua \u00e9 um elemento fundamental para a vida no planeta Terra. Foi da \u00e1gua que a vida surgiu. Cerca de 70% do corpo de um adulto humano \u00e9 constitu\u00eddo por esse elemento. A quantidade e a qualidade da \u00e1gua consumida diariamente s\u00e3o fatores decisivos para a sa\u00fade humana. Enquanto estivermos encarnados, precisamos consumir \u00e1gua, seja de forma direta ou indireta, por meio dos processos envolvidos na produ\u00e7\u00e3o de recursos essenciais \u00e0 vida, como alimenta\u00e7\u00e3o, moradia, vestu\u00e1rio, locomo\u00e7\u00e3o, sa\u00fade e saneamento.<\/p>\n\n\n\n<p>Na obra<em> Nosso Lar<\/em>, o mentor espiritual L\u00edsias, ao comentar a import\u00e2ncia que os encarnados atribuem ao tema da \u00e1gua, chama-nos a aten\u00e7\u00e3o ao afirmar que \u201co homem \u00e9 desatento, h\u00e1 muitos s\u00e9culos; o mar equilibra-lhe a moradia planet\u00e1ria, o elemento aquoso fornece-lhe o corpo f\u00edsico, a chuva d\u00e1-lhe o p\u00e3o, o rio organiza-lhe a cidade, a presen\u00e7a da \u00e1gua oferece-lhe a b\u00ean\u00e7\u00e3o do lar e do servi\u00e7o; entretanto, ele sempre se julga o absoluto dominador do mundo\u201d (Luiz, 2019, cap. 10). Essa reflex\u00e3o evidencia a abrang\u00eancia do uso da \u00e1gua em \u00e1reas essenciais da exist\u00eancia humana, \u00e0s quais, h\u00e1 muito tempo, n\u00e3o temos dedicado a aten\u00e7\u00e3o necess\u00e1ria.<\/p>\n\n\n\n<p>Falando a jornalistas em Nova York, Kaveh Madani, diretor do Instituto para \u00c1gua, Meio Ambiente e Sa\u00fade da Universidade das Na\u00e7\u00f5es Unidas, afirmou que, se a humanidade continuar tratando essa fal\u00eancia como uma crise tempor\u00e1ria, apostando apenas em solu\u00e7\u00f5es de curto prazo, \u201co dano ecol\u00f3gico tende a se aprofundar, alimentando conflitos sociais\u201d. Ele enfatizou que a fal\u00eancia h\u00eddrica \u00e9 uma quest\u00e3o s\u00e9ria de justi\u00e7a e seguran\u00e7a globais (ONU, 2026).<\/p>\n\n\n\n<p class=\"has-vivid-cyan-blue-color has-text-color has-link-color wp-elements-d9050d185c44e30eb8e1f464c44f48d8\" style=\"font-size:24px\"><strong>\u201cA \u00e1gua, direito humano fundamental, vem sendo apropriada por poucos, enquanto bilh\u00f5es enfrentam escassez, adoecimento e conflitos.\u201d<\/strong><\/p>\n\n\n\n<p>A \u00e1gua \u00e9 um direito humano fundamental. Na quest\u00e3o n. 880 de <em>O livro dos Esp\u00edritos<\/em>, a espiritualidade superior esclarece que \u201co primeiro de todos os direitos naturais do homem \u00e9 o de viver. E por isso que ningu\u00e9m tem o direito de atentar contra a vida do semelhante ou de fazer qualquer coisa que possa comprometer a sua exist\u00eancia corp\u00f3rea\u201d. Entretanto, a fal\u00eancia h\u00eddrica, que compromete a sa\u00fade e o bem-estar de bilh\u00f5es de pessoas, \u00e9 impulsionada pela ambi\u00e7\u00e3o de uma pequena elite, que se apropria e abusa dos recursos h\u00eddricos em detrimento da coletividade. Esse comportamento tem levado ao aumento de conflitos em diversas regi\u00f5es do planeta.<\/p>\n\n\n\n<p>\u201cA escassez de \u00e1gua est\u00e1 se tornando um fator de fragilidade, deslocamento e conflito\u201d, afirma o subsecret\u00e1rio-geral da ONU, Tshilidzi Marwala, reitor da Universidade das Na\u00e7\u00f5es Unidas (Relat\u00f3rio [&#8230;], 2026). Os conflitos relacionados \u00e0 \u00e1gua aumentaram de 20, em 2010, para mais de 400 em 2024. O relat\u00f3rio destaca, por fim, que os governos devem concentrar esfor\u00e7os na \u201cgest\u00e3o da fal\u00eancia\u201d, prevenindo danos irrevers\u00edveis, transformando setores de alto consumo h\u00eddrico \u2013 como a agricultura e a ind\u00fastria \u2013 e priorizando transi\u00e7\u00f5es justas para as comunidades vulner\u00e1veis. A \u00e1gua \u00e9 uma quest\u00e3o que transcende fronteiras nacionais.<\/p>\n\n\n\n<p>O Objetivo de Desenvolvimento Sustent\u00e1vel 6 (ODS 6) \u2013 \u00c1gua Pot\u00e1vel e Saneamento \u2013 \u00e9 amplamente reconhecido como um facilitador fundamental para o cumprimento de todos os demais 16 objetivos da Agenda 2030. Ele constitui a base para a sa\u00fade, a economia e os ecossistemas funcionais, sendo imposs\u00edvel alcan\u00e7ar o desenvolvimento sustent\u00e1vel sem garantir \u00e1gua e saneamento para todos.<\/p>\n\n\n\n<p>Precisamos reconhecer, com urg\u00eancia, a import\u00e2ncia da \u00e1gua para a vida dos seres humanos e n\u00e3o humanos no planeta Terra. Devemos apoiar ou participar de organiza\u00e7\u00f5es que atuam nessa \u00e1rea, bem como eleger representantes comprometidos com a gest\u00e3o respons\u00e1vel da \u00e1gua nos \u00e2mbitos municipal, estadual e federal, para a cria\u00e7\u00e3o de leis que a preservem e a protejam em favor do bem comum. Assim, contribuiremos para a constru\u00e7\u00e3o das bases do mundo de regenera\u00e7\u00e3o.<\/p>\n\n\n\n<p>Cuidar da \u00e1gua \u00e9 cuidar da vida. Como voc\u00ea est\u00e1 cuidando dela?<\/p>\n\n\n\n<p>\u00c1gua \u00e9 sin\u00f4nimo de vida!<\/p>\n\n\n\n<p class=\"has-vivid-cyan-blue-color has-text-color has-link-color wp-elements-302962f87a323123ec119d8f35a5e30e\" style=\"font-size:24px\"><strong>\u201cCuidar da \u00e1gua deixou de ser uma escolha ambiental e passou a ser uma exig\u00eancia \u00e9tica, social e espiritual.\u201d<\/strong><\/p>\n\n\n\n<h4 class=\"wp-block-heading\"><strong>Refer\u00eancias<\/strong><strong><\/strong><\/h4>\n\n\n\n<p class=\"has-small-font-size\"><a><\/a><a>KARDEC, Allan. <strong>O livro dos Esp\u00edritos.<\/strong> Tradu\u00e7\u00e3o de Guillon Ribeiro. 93. ed. Bras\u00edlia, DF: FEB, <\/a>2019. Dispon\u00edvel em: <a href=\"https:\/\/www.febnet.org.br\/wp-content\/uploads\/2012\/07\/WEB-Livro-dos-Esp%C3%ADritos-Guillon-1.pdf\">https:\/\/www.febnet.org.br\/wp-content\/uploads\/2012\/07\/WEB-Livro-dos-Esp%C3%ADritos-Guillon-1.pdf<\/a>. Acesso em: 30 jun. 2026.<a>LUIZ, Andr\u00e9 (Esp\u00edrito). <strong>Nosso Lar. <\/strong>Psicografado por Francisco C\u00e2ndido Xavier. Bras\u00edlia, DF: FEB, 2019. <\/a><a>(Cole\u00e7\u00e3o A Vida no Mundo Espiritual, 1).<\/a><\/p>\n","protected":false},"excerpt":{"rendered":"<p>CARLOS ORLANDO VILLARRAGA \u2666 O abastecimento de \u00e1gua no mundo entrou em uma era de fal\u00eancia, ap\u00f3s d\u00e9cadas de uso intensivo e excessivo, polui\u00e7\u00e3o, degrada\u00e7\u00e3o do solo, desmatamento e agravamento pelas temperaturas clim\u00e1ticas. Esse \u00e9 o cen\u00e1rio preocupante apresentado no relat\u00f3rio Fal\u00eancia h\u00eddrica global: vivendo al\u00e9m dos nossos recursos hidrol\u00f3gicos na era p\u00f3s-crise , lan\u00e7ado [&hellip;]<\/p>\n","protected":false},"author":42,"featured_media":13134,"comment_status":"open","ping_status":"open","sticky":false,"template":"","format":"standard","meta":{"_acf_changed":false,"footnotes":""},"categories":[11],"tags":[],"edicoes":[762],"class_list":["post-12989","post","type-post","status-publish","format-standard","has-post-thumbnail","hentry","category-atualidade","edicoes-762"],"acf":[],"_links":{"self":[{"href":"https:\/\/folhaespirita.com.br\/es\/wp-json\/wp\/v2\/posts\/12989","targetHints":{"allow":["GET"]}}],"collection":[{"href":"https:\/\/folhaespirita.com.br\/es\/wp-json\/wp\/v2\/posts"}],"about":[{"href":"https:\/\/folhaespirita.com.br\/es\/wp-json\/wp\/v2\/types\/post"}],"author":[{"embeddable":true,"href":"https:\/\/folhaespirita.com.br\/es\/wp-json\/wp\/v2\/users\/42"}],"replies":[{"embeddable":true,"href":"https:\/\/folhaespirita.com.br\/es\/wp-json\/wp\/v2\/comments?post=12989"}],"version-history":[{"count":3,"href":"https:\/\/folhaespirita.com.br\/es\/wp-json\/wp\/v2\/posts\/12989\/revisions"}],"predecessor-version":[{"id":13136,"href":"https:\/\/folhaespirita.com.br\/es\/wp-json\/wp\/v2\/posts\/12989\/revisions\/13136"}],"wp:featuredmedia":[{"embeddable":true,"href":"https:\/\/folhaespirita.com.br\/es\/wp-json\/wp\/v2\/media\/13134"}],"wp:attachment":[{"href":"https:\/\/folhaespirita.com.br\/es\/wp-json\/wp\/v2\/media?parent=12989"}],"wp:term":[{"taxonomy":"category","embeddable":true,"href":"https:\/\/folhaespirita.com.br\/es\/wp-json\/wp\/v2\/categories?post=12989"},{"taxonomy":"post_tag","embeddable":true,"href":"https:\/\/folhaespirita.com.br\/es\/wp-json\/wp\/v2\/tags?post=12989"},{"taxonomy":"edicoes","embeddable":true,"href":"https:\/\/folhaespirita.com.br\/es\/wp-json\/wp\/v2\/edicoes?post=12989"}],"curies":[{"name":"wp","href":"https:\/\/api.w.org\/{rel}","templated":true}]}}