{"id":13383,"date":"2026-04-06T23:06:59","date_gmt":"2026-04-07T02:06:59","guid":{"rendered":"https:\/\/folhaespirita.com.br\/?p=13383"},"modified":"2026-04-07T19:42:18","modified_gmt":"2026-04-07T22:42:18","slug":"o-povo-pergunta-e-os-artistas-de-a-viagem-respondem","status":"publish","type":"post","link":"https:\/\/folhaespirita.com.br\/es\/2026\/04\/06\/o-povo-pergunta-e-os-artistas-de-a-viagem-respondem\/","title":{"rendered":"O povo pergunta e os artistas de A Viagem respondem"},"content":{"rendered":"<p class=\"has-small-font-size\">Texto: Marlene Rossi S. Nobre<\/p>\n\n\n\n<p class=\"has-small-font-size\">Entrevistas com populares: Mois\u00e9s Bezerra Oliveira<\/p>\n\n\n\n<p class=\"has-small-font-size\">Fotos: Jos\u00e9 Carlos Fontes<\/p>\n\n\n\n<p>A <em>Hoja de Esp\u00edritu<\/em> saiu \u00e0s ruas para perguntar ao povo o que desejava saber sobre <em>A Viagem<\/em>, a novela que empolga todo o pa\u00eds. Ouvimos donas de casa, comerci\u00e1rios, estudantes, oper\u00e1rios, enfim, pessoas de todos os n\u00edveis sociais, percorrendo nossas pra\u00e7as e viadutos centrais ou entrevistando junto a escrit\u00f3rios e f\u00e1bricas para sentir o impacto das ideias esp\u00edritas no cora\u00e7\u00e3o de nossa gente. Recolhidos os dados e as perguntas, mobilizamos uma equipe muito grande de artistas e conhecedores da Doutrina Esp\u00edrita, a fim de que o nosso povo pudesse ter as respostas almejadas. Assim, as perguntas formuladas aos entrevistados s\u00e3o, na realidade, a s\u00famula de dezenas de quest\u00f5es extra\u00eddas de nosso contato direto com populares.<\/p>\n\n\n\n<h3 class=\"wp-block-heading\">O povo pergunta, e os artistas de <em>A Viagem <\/em>respondem<\/h3>\n\n\n\n<p>Primeiramente, Altair Lima, o inesquec\u00edvel Cesar Jord\u00e3o e, portanto, o alvo mais direto de in\u00fameras d\u00favidas e proposi\u00e7\u00f5es, responde sobre o amor do outro lado da vida. O maior contingente de indaga\u00e7\u00f5es referiu-se \u00e0 uni\u00e3o de Cesar e Din\u00e1, com uma defesa obstinada da afei\u00e7\u00e3o dos dois, a fim de que n\u00e3o fosse a felicidade do casal perturbada pela presen\u00e7a de Vera, a primeira esposa. Principais quesitos: qual a raz\u00e3o do ci\u00fame de Din\u00e1, se ela est\u00e1 em um plano superior? Qual o crit\u00e9rio de escolha, no caso, para permanecer com Vera ou Din\u00e1?<\/p>\n\n\n\n<h5 class=\"wp-block-heading\">Altair Lima<\/h5>\n\n\n\n<p>N\u00e3o sei se as pessoas interpretaram bem essa segunda fase da novela. Foi explicado que, a partir de uma determinada evolu\u00e7\u00e3o, terminam todas as paix\u00f5es humanas. E \u00e9 exatamente o momento de maior purifica\u00e7\u00e3o do Esp\u00edrito, o instante em que ele est\u00e1 pronto para reencarnar e iniciar todo um ciclo de vida novamente. Entendo que \u00e9 muito bom a gente saber que morre e a vida continua exatamente como ela \u00e9. N\u00f3s prosseguimos com todas as nossas emo\u00e7\u00f5es, a nossa sensibilidade, o nosso intelecto.<\/p>\n\n\n\n<p>Din\u00e1 e Cesar Jord\u00e3o, apesar de estarem em Nosso Lar, uma das in\u00fameras cidades existentes do outro lado da vida, ainda guardam certas lembran\u00e7as da Terra sob a forma de defeitos e paix\u00f5es, porque n\u00e3o atingiram esse n\u00edvel de purifica\u00e7\u00e3o maior j\u00e1 referido. Vejo nisso tudo uma maneira normal e natural, dentro da filosofia esp\u00edrita, de continuar sentindo as emo\u00e7\u00f5es do amor, ap\u00f3s a morte, segundo a nossa evolu\u00e7\u00e3o.<\/p>\n\n\n\n<p><strong>Altair, no caso a Din\u00e1 representou uma afinidade espiritual bem maior no caminho evolutivo de Cesar Jord\u00e3o? Foi por essa raz\u00e3o que ele permaneceu ao lado dela para a continuidade das tarefas?<\/strong><\/p>\n\n\n\n<p>Sim, \u00e9 verdade. Ali\u00e1s, esse amor entre Cesar e Din\u00e1 \u00e9 um amor que vem sendo apontado h\u00e1 muitos e muitos anos entre fil\u00f3sofos e poetas, inclusive Shakespeare foi um deles, com o seu Romeu e Julieta, onde a t\u00f4nica da obra \u00e9 realmente o amor eterno. S\u00e3o almas com todas as afinidades, s\u00e3o almas que realmente se completam. \u00c9 como se n\u00f3s estiv\u00e9ssemos separados da outra metade e, de repente, a gente encontra-se com aquela que \u00e9 exatamente o nosso complemento. Acho que o amor \u00e9 fundamentalmente isso, n\u00e3o \u00e9?<\/p>\n\n\n\n<p><strong>Voc\u00ea j\u00e1 gravou o disco com os sonetos psicografados por Chico Xavier?<\/strong><\/p>\n\n\n\n<p>N\u00e3o, ainda n\u00e3o. Gravei agora um compacto para a Continental, \u00e9 um compacto de car\u00e1ter beneficente. Agora eu usei uma poesia de Vinicius de Moraes que se enquadra mais dentro do estilo filantr\u00f3pico e dentro da grande paix\u00e3o de Cesar Jord\u00e3o. N\u00e3o pude utilizar as poesias de Chico Xavier porque elas n\u00e3o se referem exatamente a uma problem\u00e1tica do meu personagem, o Cesar Jord\u00e3o, ent\u00e3o eu n\u00e3o tinha nada que pudesse lembrar uma coisa ou outra. Vamos esperar um contato com Chico Xavier, a fim de que possamos estudar o assunto e lan\u00e7ar um segundo disco.<\/p>\n\n\n\n<p><strong>Altair, o contato com as pessoas que assistem a novela demonstra uma forma bastante positiva de encarar a morte depois desta verdadeira aula que a televis\u00e3o patrocina. Muitos afirmam que perderam o medo de deixar o corpo porque a possibilidade de amar e ser feliz permanece para todo o sempre.<\/strong><\/p>\n\n\n\n<p>Claro! Isso \u00e9 muito bom. Al\u00e9m disso, h\u00e1 dois pontos a considerar. Principalmente n\u00f3s brasileiros fomos criados dentro de uma press\u00e3o religiosa muito forte, que vem j\u00e1 da Idade Medieval, atrav\u00e9s de nossos antepassados. N\u00f3s n\u00e3o t\u00ednhamos escolha, n\u00f3s \u00e9ramos obrigados a acreditar naquilo que os nossos pais acreditavam, e isso n\u00e3o nos satisfazia porque nossos pais n\u00e3o criam com muita convic\u00e7\u00e3o, consequentemente eles n\u00e3o transmitiam sua f\u00e9 com muita certeza, de modo que n\u00f3s \u00e9ramos religiosos por tradi\u00e7\u00e3o, e n\u00e3o por convic\u00e7\u00e3o.<\/p>\n\n\n\n<p>E o Espiritismo \u00e9 apaixonante, ou voc\u00ea acredita, ou n\u00e3o acredita. N\u00e3o tem essa de voc\u00ea seguir s\u00f3 por tradi\u00e7\u00e3o, n\u00e3o. E isto \u00e9 espetacular. Al\u00e9m do que h\u00e1 toda uma abertura, uma desmistifica\u00e7\u00e3o do medo, principalmente do medo da vida al\u00e9m da morte e de uma s\u00e9rie de inseguran\u00e7as. O Espiritismo suaviza esse medo, n\u00e3o digo que ele faz declinar de todo, porque acho muito dif\u00edcil, mas ele suaviza em todos os sentidos<\/p>\n\n\n\n<p>Com rela\u00e7\u00e3o ao pr\u00f3prio amor, a nossa gera\u00e7\u00e3o veio educada de maneira errada. Antigamente, as mulheres n\u00e3o tinham nem o direito e escolha do homem com quem ela deveria se casar. Era simplesmente escolhido pela fam\u00edlia e o matrim\u00f3nio era acertado. O casamento era uma regra da sociedade e, como tal, deveria ser respeitado. Mas n\u00e3o havia a rigor o amor mesmo. S\u00f3 aos poucos essa situa\u00e7\u00e3o foi se diluindo.<\/p>\n\n\n\n<p>O que \u00e9 importante ressaltar, ent\u00e3o, \u00e9 a continuidade da vida ap\u00f3s a morte provada pelo Espiritismo. H\u00e1 necessidade de se viver aqui na Terra dentro de normas \u00e9ticas. N\u00e3o digo dentro de leis r\u00edgidas porque cada um tem o livre-arb\u00edtrio, mas devemos usar a mat\u00e9ria dentro de certa \u00e9tica. Nossa conduta tem de se basear nos ensinamentos morais deduzidos da filosofia esp\u00edrita, a filosofia defendida pelos maiores g\u00eanios da humanidade, inclusive, no meu setor, pelo pr\u00f3prio Shakespeare. \u00c9 o que ele sempre apregoou, e tamb\u00e9m o Cristo, o verdadeiro fundamento da filosofia esp\u00edrita-crist\u00e3.<\/p>\n\n\n\n<h3 class=\"wp-block-heading\">Maravilhoso redimir-se atrav\u00e9s da reencarna\u00e7\u00e3o<\/h3>\n\n\n\n<h5 class=\"wp-block-heading\">Ewerton de Quadros<\/h5>\n\n\n\n<p><strong>Ewerton, o povo n\u00e3o se conforma com o seu personagem, o Alexandre, perseguidor cruel e vingativo. Como \u00e9 que voc\u00ea encara o problema de um rapaz, no caso voc\u00ea, desencarnado, do outro lado da vida, atuar negativamente sobre as pessoas aqui na Terra?<\/strong><\/p>\n\n\n\n<p>&nbsp;Inicialmente, devo dizer que n\u00e3o sou de forma\u00e7\u00e3o esp\u00edrita, digamos assim, mas eu simpatizo muito com toda a filosofia esp\u00edrita. Leio muito a respeito. Gosto demais mesmo. Eu acredito perfeitamente que um Esp\u00edrito possa obsediar um ser humano. A gente toma por exemplo uma pessoa encarnada, uma pessoa viva. H\u00e1 tantas criaturas que podem influir negativamente na vida da gente, atrav\u00e9s do poder do pensamento, porque o poder da mente \u00e9 incalcul\u00e1vel, a gente s\u00f3 se utiliza de 10% desse potencial. Agora, muitas pessoas usam isso de forma negativa. Podemos constatar isso no nosso pr\u00f3prio meio, o art\u00edstico, h\u00e1 muita inveja, maldade e muitas pessoas, mesmo sendo encarnadas, atuam negativamente sobre outras. N\u00f3s recebemos essas vibra\u00e7\u00f5es negativas, e isso nos faz muito mal<\/p>\n\n\n\n<p>Acredito que um Esp\u00edrito possa perfeitamente atuar com prop\u00f3sitos de vingan\u00e7a contra as pessoas encarnadas, atrapalhando-as e mesmo destruindo grande parte de suas vidas. O \u00fanico recurso que a gente tem \u00e9 estar constantemente em vibra\u00e7\u00f5es positivas. Creio firmemente que a vibra\u00e7\u00e3o positiva destr\u00f3i a negativa. Por isso, se a gente cultivar a prece e vibrar sempre positivamente, n\u00f3s conseguimos vencer essas influ\u00eancias negativas.<\/p>\n\n\n\n<p><strong>H\u00e1 muita curiosidade tamb\u00e9m para saber qual vai ser o rumo do Alexandre na novela.<\/strong><\/p>\n\n\n\n<p>O Alexandre vai ser filho do T\u00e9o e da Lisa, ent\u00e3o ele vai ter a miss\u00e3o de amar esse pai. Isso \u00e9 lindo, lindo, lindo. Acho perfeita essa evolu\u00e7\u00e3o atrav\u00e9s de uma nova vida. Acredito que a \u00edndole dele seja de n\u00e3o gostar do pai, e o T\u00e9o vai ter muito trabalho com esse filho. Mas essa l\u00f3gica da reencarna\u00e7\u00e3o \u00e9 admir\u00e1vel, a forma pela qual o meu personagem deve evoluir aprendendo a perdoar o seu pai. H\u00e1 um outro exemplo de reencarna\u00e7\u00e3o na novela, \u00e9 o da dama do Brasil colonial que odeia escravos e que no final escolhe ser filha de pessoas de cor. Acho isso maravilhoso, essa possibilidade do Esp\u00edrito de redimir-se atrav\u00e9s da reencarna\u00e7\u00e3o.<\/p>\n\n\n\n<h3 class=\"wp-block-heading\"><em>A Viagem <\/em>trouxe esperan\u00e7a e fraternidade<\/h3>\n\n\n\n<h5 class=\"wp-block-heading\">Irene Ravache responde<\/h5>\n\n\n\n<p><strong>Irene, preliminarmente, n\u00f3s queremos cumprimentar voc\u00ea, o Rolando Boldrin e a Eva Wilma pelo pr\u00eamio conferido a voc\u00eas pela Associa\u00e7\u00e3o Paulista de Cr\u00edticos de Arte, pelos not\u00e1veis desempenhos nesta novela, que \u00e9 antes de tudo um marco na hist\u00f3ria das comunica\u00e7\u00f5es. Agora, a pergunta do povo: a telepatia entre o seu personagem, a Estela, e sua irm\u00e3, a Din\u00e1, n\u00e3o \u00e9 exagerada?<\/strong><\/p>\n\n\n\n<p>De modo algum. Tem gente que desenvolve a telepatia h\u00e1 muito tempo. Ali\u00e1s, tem v\u00e1rias outras faculdades que o homem devia estar desenvolvendo, mas que n\u00e3o o faz por uma quest\u00e3o de ensinamento e de ambiente tamb\u00e9m, No meu caso com a Din\u00e1, acho uma coisa maravilhosa. Lembra muito a minha m\u00e3e. Eu morava aqui em S\u00e3o Paulo e minha m\u00e3e no Rio, mas ela sabia que era eu quando o telefone tocava e sabia tamb\u00e9m quais eram os meus problemas. Eu n\u00e3o tinha com ela, mas ela ligava-se muito a mim atrav\u00e9s da telepatia, provavelmente porque ela tivesse uma carga muito maior de amor, n\u00e3o \u00e9? Ent\u00e3o, ela sintonizava muito bem comigo. Creio que, no futuro, tanto a telepatia quanto as premoni\u00e7\u00f5es ser\u00e3o mais explicadas, e o homem ir\u00e1 perdendo o medo, sim, porque ele tem muito medo desses fen\u00f4menos, e isso prejudica o seu adiantamento. E tudo vai se passar, como no caso do r\u00e1dio e do telefone, basta discar e sintonizar. No caso da televis\u00e3o, basta acionar um bot\u00e3o, Fa\u00e7o votos que esse tipo de comunica\u00e7\u00e3o seja o mais brevemente difundido entre n\u00f3s.<\/p>\n\n\n\n<p><strong>Qual o saldo positivo da novela?<\/strong><\/p>\n\n\n\n<p>Acho que a novela foi muito importante porque ela mostrou um lado novo para as pessoas, que \u00e9 o lado da esperan\u00e7a, sabe. N\u00e3o \u00e9 que seja novo, mas estava muito esquecido. Atualmente, s\u00f3 se ouve falar de guerras, de falta de solidariedade humana, e essa novela trouxe essa coisa maravilhosa que \u00e9 a esperan\u00e7a. Ent\u00e3o voc\u00ea pode acreditar ou n\u00e3o, mas uma coisa voc\u00ea n\u00e3o pode se negar, \u00e9 ter essa esperan\u00e7a. \u00c9 realmente um conforto muito grande. De repente, ela lhe d\u00e1 uma motiva\u00e7\u00e3o para a sua vida e para al\u00e9m da vida. Isto eu achei important\u00edssimo, independentemente de qualquer religi\u00e3o que a pessoa tenha, porque no mundo \u2013 n\u00e3o falo s\u00f3 dos lugares onde existam guerras n\u00e3o \u2013, aqui mesmo em S\u00e3o Paulo, a viol\u00eancia \u00e9 uma coisa que a gente comprova, n\u00e3o \u00e9? A viol\u00eancia est\u00e1 nas ruas, est\u00e1 na casa do vizinho, est\u00e1 em nossa pr\u00f3pria casa, a falta de amizade, e essa novela trouxe muito amor, sabe, muita esperan\u00e7a de um mundo melhor. Acho que o saldo foi amplamente positivo em favor de uma sociedade mais crist\u00e3, onde venhamos a ter muito amor e muita solidariedade humana.<\/p>\n\n\n\n<h3 class=\"wp-block-heading\">\u201cAlexandre, Voc\u00ea precisa evoluir!\u201d<\/h3>\n\n\n\n<h5 class=\"wp-block-heading\">Nancy Pubimann Di Girolamo<\/h5>\n\n\n\n<p>Din\u00e1, a personagem da novela <em>A Viagem <\/em>repetiu a Alexandre, com inflex\u00e3o insistente e tom de condi\u00e7\u00e3o absoluta, a frase que aprendera recentemente: \u201cVoc\u00ea precisa evoluir!\u201d Para os estudiosos de Espiritismo, a frase, a inflex\u00e3o e o tom s\u00e3o familiares, e evolu\u00e7\u00e3o \u00e9 uma palavra-s\u00edntese, resumindo e nucleando o que eles sabem, ao mesmo tempo, ligada ao meio e ao fim da pr\u00f3pria vida.<\/p>\n\n\n\n<p>Entretanto, essa palavra tem conota\u00e7\u00f5es variadas conforme o campo de estudo que a utilize ou os pontos de refer\u00eancia que se tenha. No dicion\u00e1rio m\u00e9dico, \u201cevolu\u00e7\u00e3o\u201d significa o desenvolvimento de um ser, \u00f3rg\u00e3o, sistema, processo ou teoria. Como processo pode ser espont\u00e2neo, natural ou m\u00f3rbido. No dicion\u00e1rio filos\u00f3fico, liga-se ao Evolucionismo, como teoria baseada na afirma\u00e7\u00e3o de que os fen\u00f4menos do Universo, especialmente os biol\u00f3gicos, s\u00e3o resultantes de um processo gradativo de desenvolvimento, do simples ao complexo.<\/p>\n\n\n\n<p>Para os soci\u00f3logos, a palavra \u00e9 colocada dentro de um contexto de desenvolvimento sociocultural. As mudan\u00e7as caracterizadas pela assimila\u00e7\u00e3o irrevers\u00edvel de elementos culturais numa sociedade \u00e9 que identificam esse desenvolvimento As consequ\u00eancias s\u00e3o a multiplica\u00e7\u00e3o das formas de intera\u00e7\u00e3o social, levando \u00e0 diferencia\u00e7\u00e3o crescente. Em qualquer das conota\u00e7\u00f5es est\u00e1 presente a ideia de movimento e mudan\u00e7a, a partir do que j\u00e1 existe em potencial.<\/p>\n\n\n\n<p>Segundo o Espiritismo, a evolu\u00e7\u00e3o nos parece ser o processo pelo qual os seres e as coisas conseguem cumprir o programa divino. Essa ideia, transposta para o n\u00edvel de destina\u00e7\u00e3o humana, consegue identificar o sentido e a dire\u00e7\u00e3o dos caminhos existentes, real\u00e7ando o valor do tempo, da variedade espacial e do que se faz dentro deles. Conscientiza-se que a finalidade das reencarna\u00e7\u00f5es, na terra e da pr\u00f3pria vida onde e em qualquer circunst\u00e2ncia, \u00e9 conduzir \u00e0 perfei\u00e7\u00e3o. Repetindo experi\u00eancias em \u00e9pocas e locais diferentes, dentro de corpos variados e em situa\u00e7\u00f5es que reciclam posi\u00e7\u00f5es e <em>estado<\/em>, os seres v\u00e3o se colocando em condi\u00e7\u00f5es de assumir a sua parte na obra da Cria\u00e7\u00e3o; parte necess\u00e1ria \u00e0 marcha do Universo. Dessa forma, tudo se encadeia a se solidariza na natureza.<\/p>\n\n\n\n<p>A partir do momento em que a mente humana tem a consci\u00eancia desse processo, pode utilizar a pr\u00f3pria vontade na dire\u00e7\u00e3o evolutiva, acelerando o ritmo e dele participando como agente propulsor. Assume o papel de condutor de si mesmo quando at\u00e9 ent\u00e3o era apenas conduzido compulsoriamente atrav\u00e9s das tribula\u00e7\u00f5es, das lutas e das dores.<\/p>\n\n\n\n<p>Evolu\u00e7\u00e3o n\u00e3o \u00e9 necessariamente sofrer, mas substancialmente viver, pois a cada minuto de vida o horizonte se abre e novas li\u00e7\u00f5es se apresentam, necess\u00e1rias para o desenvolvimento pleno do ser. \u00c9 um processo que n\u00e3o sofre pausas ou intervalos com a morte do corpo porque transcende, e at\u00e9 mesmo justifica, a exist\u00eancia, a composi\u00e7\u00e3o, a organiza\u00e7\u00e3o dos corpos. O que parece retrocesso n\u00e3o significa sen\u00e3o manifesta\u00e7\u00e3o de elementos residuais indesej\u00e1veis que, apresentados, podem vir a ser vencidos.<\/p>\n\n\n\n<p>Na novela <em>A Viagem<\/em>, o simp\u00e1tico personagem que \u00e9 chamado Dr. C\u00e9sar, refor\u00e7ando a frase que a Din\u00e1 diz a Alexandre, em um trecho de importante di\u00e1logo: \u201c\u00c9 preciso amar. \u00c9 preciso perdoar\u201d. N\u00f3s refletimos que, na atmosfera da Terra, os relacionamentos inter-humanos ainda s\u00e3o, frequentemente, \u00e1speros, competitivos, magoantes, ofensivos, disfar\u00e7ados, insinceros, at\u00e9 mesmo entre os que se chamam e se sentem amigos ou familiares. Por isso o amor tem que ser \u00e0s vezes o filho, \u00e0s vezes o pai do perd\u00e3o, e ambos s\u00e3o os fundamentos internos da evolu\u00e7\u00e3o. Presumimos que, na referida novela, o ponto culminante e decisivo da hist\u00f3ria vai ser exatamente aquele em que Alexandre compreenda o sentido da vida e a sua necessidade de mudan\u00e7a interior. O seu momento de perd\u00e3o e de amor.<\/p>\n\n\n\n<p>\u00c9 altamente significativo que o mais completo meio de comunica\u00e7\u00e3o, o mais generalizado recurso de lazer ao nosso alcance, que \u00e9 a televis\u00e3o, esteja fazendo apelos como esses e \u2013 o que \u00e9 digno de men\u00e7\u00e3o \u2013, tornando esses apelos v\u00e1lidos, e at\u00e9 mesmo esperados, em consequ\u00eancia das situa\u00e7\u00f5es apresentadas e da pr\u00f3pria sequ\u00eancia dos acontecimentos. Estamos achando que, para n\u00f3s, os telespectadores encapados nos corpos, os \u201cvivos\u201d na dimens\u00e3o terrena, est\u00e1 sendo muito \u00fatil o alertamento que essa novela est\u00e1 fazendo. Porque importante mesmo \u00e9 a gente saber \u2013 e se j\u00e1 sabe, n\u00e3o se esquecer \u2013 que \u201c\u00e9 preciso evolui!\u201d<\/p>\n\n\n\n<h3 class=\"wp-block-heading\">Casas e vestimentas do outro lado<\/h3>\n\n\n\n<h5 class=\"wp-block-heading\">Richard Simiotietu<\/h5>\n\n\n\n<p><strong>Existem realmente casas e vestimentas do outro lado da vida?<\/strong><\/p>\n\n\n\n<p>N\u00e3o obstante as limita\u00e7\u00f5es da televis\u00e3o, \u00e9 bem sugestiva a vis\u00e3o oferecida ao telespectador de um mundo invis\u00edvel ao olhar humano, que n\u00e3o \u00e9 um comportamento estanque na Eternidade. Os Esp\u00edritos desencarnados apenas respiram em outra faixa de vibra\u00e7\u00e3o, mas em estreita liga\u00e7\u00e3o com os homens, envolvendo-se nos problemas da Terra com o mesmo empenho de quando \u201cvivos\u201d, e agindo segundo seus padr\u00f5es de entendimento. Intuitivamente, a criatura humana sempre guardou no\u00e7\u00e3o desta realidade, originando-se da\u00ed as ideias mitol\u00f3gicas de seres como os duendes, as fadas, os deuses, os anjos, os dem\u00f4nios&#8230;<\/p>\n\n\n\n<p>O desconhecimento da vida al\u00e9m-t\u00famulo gera muitas d\u00favidas no telespectador que assiste <em>A Viagem<\/em>, como, por exemplo, o fato de haver casas e roupa no plano espiritual. Mais dif\u00edcil seria explicar a inexist\u00eancia deles, a n\u00e3o ser que imaginemos que o Esp\u00edrito \u00e9 uma esp\u00e9cie de fuma\u00e7a, sem nenhum ve\u00edculo de manifesta\u00e7\u00e3o e identifica\u00e7\u00e3o, o que tornaria a vida al\u00e9m-t\u00famulo algo de enfadonho e complicado. O problema da a\u00e7\u00e3o dos Esp\u00edritos no plano espiritual j\u00e1 foi resolvido pelo ap\u00f3stolo Paulo, na primeira ep\u00edstola aos Corintos, ao proclamar que h\u00e1 corpos terrestres e corpos celestes. O nosso corpo celeste \u00e9 o perisp\u00edrito, uma c\u00f3pia fiel do corpo f\u00edsico, ve\u00edculo de nossa a\u00e7\u00e3o no plano espiritual, e que permite aos videntes identificarem os \u201cmortos\u201d que surgem \u00e0 sua vis\u00e3o medi\u00fanica.<\/p>\n\n\n\n<p>Sugerimos alguns livros que falam sobre a vida al\u00e9m-t\u00famulo:<\/p>\n\n\n\n<ul class=\"wp-block-list\">\n<li>Andr\u00e9 Luiz: <em>Nosso lar; Os mensageiros; Mission\u00e1rios da luz; Obreiros da vida eterna; No mundo maior; Liberta\u00e7\u00e3o; Entre a terra e o c\u00e9u; Nos dom\u00ednios da mediunidade; A\u00e7\u00e3o e rea\u00e7\u00e3o; Sexo e destino<\/em>.<\/li>\n\n\n\n<li>Allan Kardec: <em>O c\u00e9u e o inferno; Obsess\u00e3o; O livro dos m\u00e9diuns<\/em>.<\/li>\n\n\n\n<li>Dale Owen: <em>A vida al\u00e9m do v\u00e9u<\/em>.<\/li>\n\n\n\n<li>Maria Jo\u00e3o de Deus: <em>Cartas de una mujer muerta<\/em>.<\/li>\n\n\n\n<li>Yvonne Pereira: <em>Recorda\u00e7\u00f5es da mediunidade; Nas telas do infinito; A trag\u00e9dia de Santa Maria<\/em>.<\/li>\n<\/ul>","protected":false},"excerpt":{"rendered":"<p>Texto: Marlene Rossi S. Nobre Entrevistas com populares: Mois\u00e9s Bezerra Oliveira Fotos: Jos\u00e9 Carlos Fontes A Folha Esp\u00edrita saiu \u00e0s ruas para perguntar ao povo o que desejava saber sobre A Viagem, a novela que empolga todo o pa\u00eds. Ouvimos donas de casa, comerci\u00e1rios, estudantes, oper\u00e1rios, enfim, pessoas de todos os n\u00edveis sociais, percorrendo nossas [&hellip;]<\/p>\n","protected":false},"author":3,"featured_media":13384,"comment_status":"open","ping_status":"open","sticky":false,"template":"","format":"standard","meta":{"_acf_changed":false,"footnotes":""},"categories":[597],"tags":[],"edicoes":[790],"class_list":["post-13383","post","type-post","status-publish","format-standard","has-post-thumbnail","hentry","category-tunel-do-tempo","edicoes-790"],"acf":[],"_links":{"self":[{"href":"https:\/\/folhaespirita.com.br\/es\/wp-json\/wp\/v2\/posts\/13383","targetHints":{"allow":["GET"]}}],"collection":[{"href":"https:\/\/folhaespirita.com.br\/es\/wp-json\/wp\/v2\/posts"}],"about":[{"href":"https:\/\/folhaespirita.com.br\/es\/wp-json\/wp\/v2\/types\/post"}],"author":[{"embeddable":true,"href":"https:\/\/folhaespirita.com.br\/es\/wp-json\/wp\/v2\/users\/3"}],"replies":[{"embeddable":true,"href":"https:\/\/folhaespirita.com.br\/es\/wp-json\/wp\/v2\/comments?post=13383"}],"version-history":[{"count":3,"href":"https:\/\/folhaespirita.com.br\/es\/wp-json\/wp\/v2\/posts\/13383\/revisions"}],"predecessor-version":[{"id":13428,"href":"https:\/\/folhaespirita.com.br\/es\/wp-json\/wp\/v2\/posts\/13383\/revisions\/13428"}],"wp:featuredmedia":[{"embeddable":true,"href":"https:\/\/folhaespirita.com.br\/es\/wp-json\/wp\/v2\/media\/13384"}],"wp:attachment":[{"href":"https:\/\/folhaespirita.com.br\/es\/wp-json\/wp\/v2\/media?parent=13383"}],"wp:term":[{"taxonomy":"category","embeddable":true,"href":"https:\/\/folhaespirita.com.br\/es\/wp-json\/wp\/v2\/categories?post=13383"},{"taxonomy":"post_tag","embeddable":true,"href":"https:\/\/folhaespirita.com.br\/es\/wp-json\/wp\/v2\/tags?post=13383"},{"taxonomy":"edicoes","embeddable":true,"href":"https:\/\/folhaespirita.com.br\/es\/wp-json\/wp\/v2\/edicoes?post=13383"}],"curies":[{"name":"wp","href":"https:\/\/api.w.org\/{rel}","templated":true}]}}