{"id":1941,"date":"2021-06-28T11:15:09","date_gmt":"2021-06-28T14:15:09","guid":{"rendered":"https:\/\/folhaespirita.com.br.br\/jornal\/?p=1941"},"modified":"2026-01-23T20:17:19","modified_gmt":"2026-01-23T23:17:19","slug":"espiritismo-para-todos","status":"publish","type":"post","link":"https:\/\/folhaespirita.com.br\/es\/2021\/06\/28\/espiritismo-para-todos\/","title":{"rendered":"Espiritismo para todos"},"content":{"rendered":"<div class=\"wp-block-image\"><figure class=\"aligncenter size-medium is-resized\"><img fetchpriority=\"high\" decoding=\"async\" src=\"https:\/\/folhaespirita.com.br\/wp-content\/uploads\/2021\/06\/logo-espiritismo-para-todos-300x300.png\" alt=\"\" class=\"wp-image-1956\" width=\"385\" height=\"385\" srcset=\"https:\/\/folhaespirita.com.br\/wp-content\/uploads\/2021\/06\/logo-espiritismo-para-todos-300x300.png 300w, https:\/\/folhaespirita.com.br\/wp-content\/uploads\/2021\/06\/logo-espiritismo-para-todos-150x150.png 150w, https:\/\/folhaespirita.com.br\/wp-content\/uploads\/2021\/06\/logo-espiritismo-para-todos.png 592w\" sizes=\"(max-width: 385px) 100vw, 385px\" \/><\/figure><\/div>\n\n\n\n<p>Um grupo de Esp\u00edritas empenhados em divulgar a Doutrina oferecendo material para estudos com conte\u00fado fidedigno, cursos, v\u00eddeos, grupos de estudos, palestras e debates, al\u00e9m de oportunidades de voluntariado. <a href=\"https:\/\/espiritismoparatodos.org.br\/\" target=\"_blank\" rel=\"noreferrer noopener\"><strong>\u201cEspiritismo para Todos\u201d<\/strong> <\/a>\u00e9 o destaque do m\u00eas.<\/p>\n\n\n\n<h2 class=\"wp-block-heading\" id=\"h-quem-somos\">Quem somos<\/h2>\n\n\n\n<p>Somos esp\u00edritas que desejam criar e atuar numa organiza\u00e7\u00e3o conforme concebida por Allan Kardec, ajudando no aprendizado dos que nos buscam com foco no estudo, na pesquisa e na divulga\u00e7\u00e3o do Espiritismo.<\/p>\n\n\n\n<h2 class=\"wp-block-heading\" id=\"h-miss-o\">Misi\u00f3n<\/h2>\n\n\n\n<p>Promover o estudo e a divulga\u00e7\u00e3o da Doutrina Esp\u00edrita, em conformidade com as unidades de princ\u00edpios, da organiza\u00e7\u00e3o e dos m\u00e9todos propostos por Allan Kardec, de forma <em>on-line<\/em> e virtual, para todos que desejam estud\u00e1-la com seriedade e dentro do seu foco cient\u00edfico-filos\u00f3fico.<\/p>\n\n\n\n<h2 class=\"wp-block-heading\" id=\"h-vis-o\">Vis\u00e3o<\/h2>\n\n\n\n<p>Desenvolver a moral esp\u00edrita, na constru\u00e7\u00e3o da educa\u00e7\u00e3o integral do ser humano, proporcionando uma concep\u00e7\u00e3o renovadora do mundo, da vida e do homem, colocando-se como marco divis\u00f3rio entre os dogmatismos materialista e religioso, recuperando para a humanidade as possibilidades de uma era de justi\u00e7a social e liberdade total de escolha, por meio do que aprendemos e realizamos no dia a dia.<\/p>\n\n\n\n<p><\/p>\n\n\n\n<figure class=\"wp-block-embed is-type-video is-provider-youtube wp-block-embed-youtube wp-embed-aspect-16-9 wp-has-aspect-ratio\"><div class=\"wp-block-embed__wrapper\">\n<iframe title=\"A verdadeira moral esp\u00edrita e o progresso social (Nem C\u00e9u, Nem Inferno)\" width=\"800\" height=\"450\" src=\"https:\/\/www.youtube.com\/embed\/I2LngEHw49s?feature=oembed\" frameborder=\"0\" allow=\"accelerometer; autoplay; clipboard-write; encrypted-media; gyroscope; picture-in-picture; web-share\" referrerpolicy=\"strict-origin-when-cross-origin\" allowfullscreen><\/iframe>\n<\/div><\/figure>\n\n\n\n<p><strong>Fuente<\/strong><\/p>\n\n\n\n<p>Espiritismo para todos<br><a href=\"https:\/\/espiritismoparatodos.org.br\/\" target=\"_blank\" rel=\"noreferrer noopener\">https:\/\/espiritismoparatodos.org.br\/<\/a><\/p>","protected":false},"excerpt":{"rendered":"<p>Espiritismo na web: Espiritismo para Todos \u00e9 um grupo dedicado a promover estudos da doutrina codificada por Allan Kardec. Cursos, palestras, voluntariado&#8230;<\/p>","protected":false},"author":3,"featured_media":1940,"comment_status":"open","ping_status":"open","sticky":false,"template":"","format":"standard","meta":{"_acf_changed":false,"footnotes":""},"categories":[24],"tags":[48,54,439,440],"edicoes":[434],"class_list":["post-1941","post","type-post","status-publish","format-standard","has-post-thumbnail","hentry","category-espiritismo-na-web","tag-allan-kardec","tag-doutrina-espirita","tag-espiritismo-na-web","tag-estudos-espiritas","edicoes-434"],"acf":[],"_links":{"self":[{"href":"https:\/\/folhaespirita.com.br\/es\/wp-json\/wp\/v2\/posts\/1941","targetHints":{"allow":["GET"]}}],"collection":[{"href":"https:\/\/folhaespirita.com.br\/es\/wp-json\/wp\/v2\/posts"}],"about":[{"href":"https:\/\/folhaespirita.com.br\/es\/wp-json\/wp\/v2\/types\/post"}],"author":[{"embeddable":true,"href":"https:\/\/folhaespirita.com.br\/es\/wp-json\/wp\/v2\/users\/3"}],"replies":[{"embeddable":true,"href":"https:\/\/folhaespirita.com.br\/es\/wp-json\/wp\/v2\/comments?post=1941"}],"version-history":[{"count":8,"href":"https:\/\/folhaespirita.com.br\/es\/wp-json\/wp\/v2\/posts\/1941\/revisions"}],"predecessor-version":[{"id":1960,"href":"https:\/\/folhaespirita.com.br\/es\/wp-json\/wp\/v2\/posts\/1941\/revisions\/1960"}],"wp:featuredmedia":[{"embeddable":true,"href":"https:\/\/folhaespirita.com.br\/es\/wp-json\/wp\/v2\/media\/1940"}],"wp:attachment":[{"href":"https:\/\/folhaespirita.com.br\/es\/wp-json\/wp\/v2\/media?parent=1941"}],"wp:term":[{"taxonomy":"category","embeddable":true,"href":"https:\/\/folhaespirita.com.br\/es\/wp-json\/wp\/v2\/categories?post=1941"},{"taxonomy":"post_tag","embeddable":true,"href":"https:\/\/folhaespirita.com.br\/es\/wp-json\/wp\/v2\/tags?post=1941"},{"taxonomy":"edicoes","embeddable":true,"href":"https:\/\/folhaespirita.com.br\/es\/wp-json\/wp\/v2\/edicoes?post=1941"}],"curies":[{"name":"wp","href":"https:\/\/api.w.org\/{rel}","templated":true}]}}