{"id":2283,"date":"2021-09-02T23:07:19","date_gmt":"2021-09-03T02:07:19","guid":{"rendered":"https:\/\/folhaespirita.com.br.br\/jornal\/?p=2283"},"modified":"2026-01-23T20:17:18","modified_gmt":"2026-01-23T23:17:18","slug":"faca-se-a-materia-e-a-materia-foi-feita","status":"publish","type":"post","link":"https:\/\/folhaespirita.com.br\/es\/2021\/09\/02\/faca-se-a-materia-e-a-materia-foi-feita\/","title":{"rendered":"\u201c\u00a1Que se haga el asunto!\u201d Y el asunto se hizo"},"content":{"rendered":"\n<p>Cientistas do Laborat\u00f3rio Nacional de Brookhaven, do Departamento de Energia dos Estados Unidos, surpreenderam o mundo, em agosto, com uma not\u00edcia que parece ter sa\u00eddo de uma das c\u00e9lebres obras do Esp\u00edrito Andr\u00e9 Luiz. Segundo o artigo publicado na revista <em>Physical Review Letters<\/em>, foram acelerados dois n\u00facleos at\u00f4micos a 99,995% da velocidade da luz, em torno dos quais se formaram nuvens de f\u00f3tons \u2013 as part\u00edculas elementares da luz. Ao viajarem no mesmo ritmo, em dire\u00e7\u00f5es opostas, esses f\u00f3tons se chocaram. Foi assim que, dessa colis\u00e3o, os estudiosos encontraram evid\u00eancias da forma\u00e7\u00e3o de um par el\u00e9tron-p\u00f3sitron, ou seja, mat\u00e9ria! Essa conclus\u00e3o traz implica\u00e7\u00f5es importantes n\u00e3o apenas para a ci\u00eancia, ao corroborar a famos\u00edssima teoria da equival\u00eancia massa-energia de Albert Einstein, aquela da famosa equa\u00e7\u00e3o E=mc<sup>2<\/sup>, mas tamb\u00e9m para a religiosidade, ao abrir caminho para comprova\u00e7\u00f5es de postulados de religi\u00f5es, inclusive do Espiritismo. A <em>Folha Esp\u00edrita<\/em> conversou nesta edi\u00e7\u00e3o com dois especialistas no assunto, um f\u00edsico e um te\u00f3logo, para entender o que essa descoberta pode significar para nossas vidas.<\/p>\n\n\n\n<figure class=\"wp-block-image size-large\"><img fetchpriority=\"high\" decoding=\"async\" width=\"1024\" height=\"489\" src=\"https:\/\/folhaespirita.com.br\/wp-content\/uploads\/2021\/09\/arte-FE-1024x489.jpg\" alt=\"\" class=\"wp-image-2287\" srcset=\"https:\/\/folhaespirita.com.br\/wp-content\/uploads\/2021\/09\/arte-FE-1024x489.jpg 1024w, https:\/\/folhaespirita.com.br\/wp-content\/uploads\/2021\/09\/arte-FE-300x143.jpg 300w, https:\/\/folhaespirita.com.br\/wp-content\/uploads\/2021\/09\/arte-FE-768x367.jpg 768w, https:\/\/folhaespirita.com.br\/wp-content\/uploads\/2021\/09\/arte-FE.jpg 1211w\" sizes=\"(max-width: 1024px) 100vw, 1024px\" \/><\/figure>\n\n\n\n<p>Andr\u00e9 Luiz Ramos, mestre em F\u00edsica das Radia\u00e7\u00f5es pela Universidade de S\u00e3o Paulo (USP), diretor da Paz e Amor em A\u00e7\u00e3o, na capital paulista, e membro-fundador do N\u00facleo de Estudo da Espiritualidade da Crian\u00e7a e do Adolescente da Sociedade de Pediatria de S\u00e3o Paulo, explica que \u201c<em>Isso significa que se pode criar mat\u00e9ria e antimat\u00e9ria a partir da energia pura. Para toda part\u00edcula tem a antipart\u00edcula. S\u00e3o part\u00edculas como todas as outras, mas a \u00fanica quest\u00e3o \u00e9 que tem uma simetria. Ent\u00e3o o Universo \u00e9 sim\u00e9trico<\/em>\u201d.<\/p>\n\n\n\n<p>O te\u00f3logo Oduvaldo Mansani de Mello, formado em Ativismo Qu\u00e2ntico e membro efetivo da Associa\u00e7\u00e3o M\u00e9dico-Esp\u00edrita do Paran\u00e1 (AME-PR), explica que essa descoberta recente est\u00e1 em conson\u00e2ncia com as ideias do Esp\u00edrito Andr\u00e9 Luiz, psicografadas por Chico Xavier. Segundo Mello, no cap\u00edtulo 3 do livro <em>Mecanismos da mediunidade<\/em>, o autor antecipou essa mesma vis\u00e3o, isto \u00e9, a de que existe uma rela\u00e7\u00e3o dos f\u00f3tons com o fluido c\u00f3smico universal, que nada mais \u00e9 do que a mat\u00e9ria elementar do Universo. Diz o c\u00e9lebre jornalista do Al\u00e9m: \u201cA mat\u00e9ria densa que comp\u00f5e nossos corpos e tudo o que nos cerca \u00e9 energia radiante condensada \u2013 luz coagulada\u201d. Para Mello, o Esp\u00edrito Andr\u00e9 Luiz e Kardec anteviram o que foi postulado por v\u00e1rios cientistas, como, por exemplo, o f\u00edsico americano David Bohm, segundo o qual o Universo material \u00e9 oriundo de um Universo-luz. \u201c<em>Nosso Universo seria uma deriva\u00e7\u00e3o da frequ\u00eancia at\u00f4mica do mundo espiritual<\/em>\u201d, diz Mello.<\/p>\n\n\n\n<p>Leia Tamb\u00e9m: <strong><a href=\"https:\/\/folhaespirita.com.br\/como-um-radio-ao-sintonizarmos-nosso-pensamento-em-determinada-frequencia-somos-impactados-pelo-que-buscamos\/\" target=\"_blank\" rel=\"noreferrer noopener\">Sintonizamos e somos impactados como um r\u00e1dio<\/a><\/strong><\/p>\n\n\n\n<p>Os Esp\u00edritos que trabalharam na Codifica\u00e7\u00e3o Esp\u00edrita, ao serem consultados por Allan Kardec sobre os elementos gerais do Universo, tamb\u00e9m j\u00e1 haviam adiantado que \u201cDeus, Esp\u00edrito e mat\u00e9ria constituem o princ\u00edpio de tudo o que existe, a trindade universal\u201d. \u201c<em>Os pesquisadores atuais est\u00e3o chegando neste princ\u00edpio pela teoria das supercordas, que diz que a mat\u00e9ria \u00e9 formada por vibra\u00e7\u00f5es de energia<\/em>\u201d, diz Ramos. \u201c<em>E<\/em> <em>onde entram o p\u00f3sitron, o el\u00e9tron, o pr\u00f3ton, o n\u00eautron? Elas s\u00e3o justamente deriva\u00e7\u00f5es dos modos de vibra\u00e7\u00e3o desse fluido ap\u00f3s a impress\u00e3o da inten\u00e7\u00e3o do Esp\u00edrito<\/em>\u201d, acrescenta o f\u00edsico em conformidade com as ideias do te\u00f3logo Mello.<\/p>\n\n\n\n<p>Outros estudos, particularmente da F\u00edsica Qu\u00e2ntica, a f\u00edsica das subpart\u00edculas, mostram essa rela\u00e7\u00e3o. Pelo Espiritismo, sabemos que o pensamento e a vontade s\u00e3o atributos do Esp\u00edrito. Andr\u00e9 Luiz Ramos relembra pesquisas sobre a emiss\u00e3o de feixes de luz sobre uma dupla fenda com a participa\u00e7\u00e3o de grupos de pessoas para as quais foi atribu\u00edda a miss\u00e3o de se concentrar, mais ou menos, a depender do grupo, sobre aquele experimento. \u201c<em>Quanto maior era o n\u00edvel de aten\u00e7\u00e3o delas, mais os f\u00f3tons se comportavam como part\u00edculas [&#8230;]. O \u00e1tomo \u00e9 constitu\u00eddo por esse quantum de energia. Ent\u00e3o, de fato, em estados de concentra\u00e7\u00e3o, n\u00f3s conseguimos intervir na constitui\u00e7\u00e3o da mat\u00e9ria, o que tem a ver com Andr\u00e9 Luiz, em <\/em>Mecanismos da Mediunidade<em>, com as experi\u00eancias de autocura etc.<\/em>\u201d.<\/p>\n\n\n\n<p><em>\u201cO pensamento tem origem no corpo mental. Porque o pensamento e a vontade s\u00e3o para os Esp\u00edritos aquilo que a m\u00e3o \u00e9 para o homem<\/em>\u201d, detalha Mello, ressaltando a import\u00e2ncia de o Esp\u00edrito estagiar e interagir com a mat\u00e9ria para sua pr\u00f3pria evolu\u00e7\u00e3o.<\/p>\n\n\n\n<p><strong>O princ\u00edpio da onipresen\u00e7a de Deus<\/strong> \u2013 o artigo publicado em julho de 2005 na revista <em>Nature<\/em>, por Richard Conn Henry, da Johns Hopkins University (EUA), \u201cThe mental Universe\u201d, apontou, por meio de uma combina\u00e7\u00e3o de postulados, experimentos e argumentos da F\u00edsica Qu\u00e2ntica, que o Universo \u00e9, sobretudo, mental, pois o mundo material s\u00f3 poderia existir na \u201cperspectiva do observador\u201d. Em outras palavras, o fluido c\u00f3smico universal (ou \u00e9ter, ou h\u00e1lito de Deus, dentre tantas outras denomina\u00e7\u00f5es para o princ\u00edpio material) se molda, se transforma e se multiplica para atender aos des\u00edgnios de um principal mental. Nesse quadro, todos os encarnados e desencarnados estariam sob um \u00fanico e amoroso Ser Inteligente, o pr\u00f3prio Deus \u2013 \u201ca intelig\u00eancia suprema, causa primeira de todas as coisas\u201d (<em>O livro dos Esp\u00edritos<\/em>). \u201c<em>\u00c9 aquilo que Jesus tamb\u00e9m disse: \u2018Eu e o Pai somos Um\u2019. \u00c9 como se a F\u00edsica estivesse a caminho de uma percep\u00e7\u00e3o de que estamos em unidade: com corpos distintos, mas, por\u00e9m, em um campo mental onde existe uma n\u00e3o localidade e uma atemporalidade que temos todos em comum<\/em>\u201d, diz Ramos.<\/p>\n\n\n\n<p><strong>Ci\u00eancia e religi\u00e3o, enfim juntas?<\/strong> Os especialistas ouvidos pela <em>Folha Esp\u00edrita<\/em> concordam que a literatura esp\u00edrita, sobretudo vinda do benfeitor Andr\u00e9 Luiz, embora n\u00e3o se configure como uma ci\u00eancia cl\u00e1ssica, aponta caminhos para que aqueles cientistas abertos \u00e0 espiritualidade possam desbravar \u2013 fazendo uso, \u00e9 claro, da metodologia cient\u00edfica, dos experimentos e do pensamento l\u00f3gico. Ambos os especialistas ouvidos s\u00e3o otimistas, em conformidade com as declara\u00e7\u00f5es de diversos esp\u00edritas, como Chico Xavier, de que a velha cisma entre esses dois campos, ci\u00eancia e religi\u00e3o, deve arrefecer com o tempo.<\/p>\n\n\n\n<p><strong>Leia tamb\u00e9m:<a href=\"https:\/\/folhaespirita.com.br\/a-consulta-nao-foi-so-do-meu-paciente-tambem-foi-minha\/\" target=\"_blank\" rel=\"noreferrer noopener\"> Di\u00e1rio de um m\u00e9dico Esp\u00edrita &#8211; A consulta n\u00e3o foi s\u00f3 do meu paciente, tamb\u00e9m foi minha!<\/a><\/strong><\/p>\n\n\n\n<p>\u201c<em>Existe ainda muita ideologia por parte de cientistas e que interfere na abertura para o caminho cient\u00edfico<\/em>. <em>Por outro lado, existem tamb\u00e9m ideologias por parte de religiosos, que, \u00e0s vezes, rejeitam a Ci\u00eancia [&#8230;]<\/em>. <em>Mas vejo que h\u00e1 possibilidade de um grande avan\u00e7o. A pr\u00f3pria ci\u00eancia sem a religi\u00e3o \u00e9 manca, como disse Einstein. E a religi\u00e3o sem a ci\u00eancia \u00e9 cega. Essa uni\u00e3o significa entendermos que existem leis naturais, que, no momento, ainda n\u00e3o poder\u00e3o ser mensuradas, mas isso n\u00e3o significa que n\u00e3o fa\u00e7am parte da Verdade<\/em>\u201d.<\/p>\n\n\n\n<p>Mello aponta que \u00e9 err\u00f4neo o entendimento de que esse di\u00e1logo com o mundo espiritual seja um atributo exclusivo dos esp\u00edritas nas sess\u00f5es medi\u00fanicas. \u201c<em>Penso que a mediunidade est\u00e1 presente em todos os momentos. \u00c9 por isso que Joanna de \u00c2ngelis diz que os cientistas, mesmo sem o saberem, <\/em><em>s\u00e3o sacerdotes do Esp\u00edrito e avan\u00e7am ao encontro de Deus e Suas Leis<\/em>\u201d. De acordo com o te\u00f3logo, o Plano Espiritual sempre inspirou, inspira e continuar\u00e1 a inspirar esses homens e mulheres que se dedicam ao estudo e \u00e0 ci\u00eancia. Ramos acredita que esse interc\u00e2mbio tem tudo para se intensificar porque as pessoas mais jovens t\u00eam vindo, segundo os des\u00edgnios do Plano Maior, com uma nova e mais aberta postura diante desses fatos do desconhecido. \u201c<em>As novas gera\u00e7\u00f5es est\u00e3o \u00e1vidas<\/em>\u201d, celebra.<\/p>\n\n\n\n<p class=\"has-pale-cyan-blue-background-color has-background has-normal-font-size\">Cientistas americanos publicam artigo com mais um novo ind\u00edcio do caminhar da Ci\u00eancia rumo a desvendar os mecanismos de forma\u00e7\u00e3o da mat\u00e9ria, corroborando princ\u00edpios antecipados pela bibliografia esp\u00edrita.<\/p>\n\n\n\n<figure class=\"wp-block-embed is-type-rich is-provider-spotify wp-block-embed-spotify wp-embed-aspect-21-9 wp-has-aspect-ratio\"><div class=\"wp-block-embed__wrapper\">\n<iframe title=\"Spotify Embed: 95 - F\u00edsica e Espiritualidade - Um bate papo sobre os avan\u00e7os da Ci\u00eancia e as revela\u00e7\u00f5es espirituais\" style=\"border-radius: 12px\" width=\"100%\" height=\"152\" frameborder=\"0\" allowfullscreen allow=\"autoplay; clipboard-write; encrypted-media; fullscreen; picture-in-picture\" loading=\"lazy\" src=\"https:\/\/open.spotify.com\/embed\/episode\/5a3S3edl6WwmC5oraR1wMP?si=__qck5InQoCf9O9mQq1MPQ&amp;dl_branch=1&amp;utm_source=oembed\"><\/iframe>\n<\/div><\/figure>\n","protected":false},"excerpt":{"rendered":"<p>Um bate papo com sobre as descobertas da ci\u00eancia e da espiritualidade com Andr\u00e9 Luiz Ramos e Oduvaldo Mansani de Mello.<\/p>","protected":false},"author":25,"featured_media":2286,"comment_status":"open","ping_status":"open","sticky":false,"template":"","format":"standard","meta":{"_acf_changed":false,"footnotes":""},"categories":[11],"tags":[477],"edicoes":[473],"class_list":["post-2283","post","type-post","status-publish","format-standard","has-post-thumbnail","hentry","category-atualidade","tag-ciencia-e-espiritualidade","edicoes-570-3"],"acf":[],"_links":{"self":[{"href":"https:\/\/folhaespirita.com.br\/es\/wp-json\/wp\/v2\/posts\/2283","targetHints":{"allow":["GET"]}}],"collection":[{"href":"https:\/\/folhaespirita.com.br\/es\/wp-json\/wp\/v2\/posts"}],"about":[{"href":"https:\/\/folhaespirita.com.br\/es\/wp-json\/wp\/v2\/types\/post"}],"author":[{"embeddable":true,"href":"https:\/\/folhaespirita.com.br\/es\/wp-json\/wp\/v2\/users\/25"}],"replies":[{"embeddable":true,"href":"https:\/\/folhaespirita.com.br\/es\/wp-json\/wp\/v2\/comments?post=2283"}],"version-history":[{"count":6,"href":"https:\/\/folhaespirita.com.br\/es\/wp-json\/wp\/v2\/posts\/2283\/revisions"}],"predecessor-version":[{"id":2303,"href":"https:\/\/folhaespirita.com.br\/es\/wp-json\/wp\/v2\/posts\/2283\/revisions\/2303"}],"wp:featuredmedia":[{"embeddable":true,"href":"https:\/\/folhaespirita.com.br\/es\/wp-json\/wp\/v2\/media\/2286"}],"wp:attachment":[{"href":"https:\/\/folhaespirita.com.br\/es\/wp-json\/wp\/v2\/media?parent=2283"}],"wp:term":[{"taxonomy":"category","embeddable":true,"href":"https:\/\/folhaespirita.com.br\/es\/wp-json\/wp\/v2\/categories?post=2283"},{"taxonomy":"post_tag","embeddable":true,"href":"https:\/\/folhaespirita.com.br\/es\/wp-json\/wp\/v2\/tags?post=2283"},{"taxonomy":"edicoes","embeddable":true,"href":"https:\/\/folhaespirita.com.br\/es\/wp-json\/wp\/v2\/edicoes?post=2283"}],"curies":[{"name":"wp","href":"https:\/\/api.w.org\/{rel}","templated":true}]}}