{"id":3121,"date":"2022-04-01T17:55:17","date_gmt":"2022-04-01T20:55:17","guid":{"rendered":"https:\/\/folhaespirita.com.br.br\/jornal\/?p=3121"},"modified":"2026-01-23T20:17:16","modified_gmt":"2026-01-23T23:17:16","slug":"chico-xavier-o-apostolo-da-renovacao-humana-entre-nos","status":"publish","type":"post","link":"https:\/\/folhaespirita.com.br\/es\/2022\/04\/01\/chico-xavier-o-apostolo-da-renovacao-humana-entre-nos\/","title":{"rendered":"El Ap\u00f3stol de la Renovaci\u00f3n Humana entre nosotros"},"content":{"rendered":"<p>El d\u00eda 2 de abril est\u00e1 eternizado en nuestros corazones, porque fue en esa fecha que Nuestro Maestro Jes\u00fas design\u00f3 a Chico Xavier a reencarnarse una vez m\u00e1s para continuar su apostolado de luz, entregando su propia vida a la humanidad. Este a\u00f1o, espec\u00edficamente en el 20\u00ba aniversario del regreso del m\u00e9dium a su patria espiritual, y a\u00fan lamentablemente marcado por acontecimientos tan dolorosos como la guerra, sentimos la necesidad de revivir m\u00e1s intensamente las ense\u00f1anzas de Chico en nuestras vidas.<\/p>\n\n\n\n<p>Recordamos su renacimiento en el plano f\u00edsico y presentamos nuestros respetos a este Esp\u00edritu de elecci\u00f3n, uno de los m\u00e1s l\u00facidos disc\u00edpulos de Cristo, como lo llam\u00f3 Humberto de Campos al referirse a la reuni\u00f3n en el mundo espiritual que decidir\u00eda el renacimiento de Kardec.<\/p>\n\n\n\n<p>Recordamos que el nacimiento de Chico y la celebraci\u00f3n de sus 92 a\u00f1os de amor y dedicaci\u00f3n a la humanidad tienen que ver con nuestro profundo respeto y reconocimiento de su misi\u00f3n como Kardec-Chico. En palabras de Marlene Nobre, en el libro <em>Chico Xavier - mis piezas del espejo<\/em>, En palabras de Allan Kardec, este Esp\u00edritu (Kardec-Chico) ha completado honorablemente su marat\u00f3n de 200 a\u00f1os para plantar en la Tierra el mensaje del consolador prometido por Cristo. Dijo: \u201cAllan Kardec-Chico Xavier, un hombre, una misi\u00f3n\u201d.<\/p>\n\n\n\n<h2 class=\"wp-block-heading\" id=\"h-chico-e-kardec\"><strong>CHICO Y KARDEC<\/strong><\/h2>\n\n\n\n<p>Los a\u00f1os pasan, y corresponder\u00e1 a la propia historia reconocer el legado dejado por este Esp\u00edritu. Como dijo Chico cuando le preguntaron por el regreso de Kardec: \u201cCualquier obra que est\u00e9 haciendo o vaya a hacer, hablar\u00e1 elocuentemente en relaci\u00f3n con su presencia, de cualquier forma y en cualquier lugar\u201d. Viendo la extraordinaria obra de renovaci\u00f3n que Chico nos ha legado, estamos seguros de que habla por s\u00ed misma. Y s\u00f3lo podemos estarle agradecidos. Estamos agradecidos por su amor dedicado a la humanidad.<\/p>\n\n\n\n<p>Para celebrar un nuevo 2 de abril, mientras fluyen las l\u00e1grimas dedicadas a \u00e9l, he aqu\u00ed dos breves extractos, el primero del mensaje de Hil\u00e1rio Silva \u201cEl regreso de Allan Kardec\u201d, psicografiado por Ant\u00f4nio Baduy Filho el 31 de octubre de 1997 y ya publicado en este peri\u00f3dico en 1998. Describe el importante encuentro que definir\u00eda el regreso de Kardec a la vida terrena y el maravilloso di\u00e1logo de Kardec con un venerable representante de Jes\u00fas. El emisario de Cristo dijo:<\/p>\n\n\n\n<p>- Renacer\u00e1s en condiciones adversas...<br>- Obedecer\u00e9 la voluntad del Se\u00f1or\", respondi\u00f3 Kardec.<br>- Empezar\u00e1s muy joven, entre aflicciones y dificultades, y trabajar\u00e1s con sacrificio y renuncia durante mucho tiempo...<br>- Dedicar\u00e9 cada minuto al campo del Bien...<br>- No tendr\u00e1s ning\u00fan t\u00edtulo acad\u00e9mico...<br>- El \u00fanico t\u00edtulo al que aspiro es el de siervo fiel de Cristo...<br>- Encontrar\u00e1s desconfianza y agresividad...<br>- Buscar\u00e9 en la fe y la humildad la fuerza para resistir.<br>- Tendr\u00e1s el dolor como compa\u00f1ero constante...<br>- Sabr\u00e9 aceptarlo con el apoyo de lo alto...<br>- Los socios no te entender\u00e1n y se volver\u00e1n contra ti...<br>- Cumplir\u00e9 con mi deber y mantendr\u00e9 mi conciencia en paz.<br>- No har\u00e1s nada por ti, s\u00f3lo ser\u00e1s un instrumento...<br>- Dar\u00e9 gracias a Dios por la oportunidad de servir.<br>- No disfrutar\u00e1 de las alegr\u00edas y el confort de un hogar constituido...<br>- La humanidad ser\u00e1 mi familia.<br>- Asumir\u00e1 una espinosa misi\u00f3n en el desarrollo de la Codificaci\u00f3n Esp\u00edrita...<br>- Ser\u00e9 leal a los principios doctrinales, consciente de que el Espiritismo es el Consolador prometido por Jes\u00fas.<br>- La tarea requerir\u00e1 devoci\u00f3n y abnegaci\u00f3n...<br>- No dudar\u00e9 en vivir plenamente el Evangelio y en <strong><a href=\"https:\/\/folhaespirita.com.br\/es\/cop-26-um-chamado-a-cada-um-de-nos-contra-o-materialismo\/\" target=\"_blank\" rel=\"noreferrer noopener\">Doctrina espiritista<\/a><\/strong>.<\/p>\n\n\n\n<p><strong><a href=\"https:\/\/folhaespirita.com.br\/es\/o-farol-de-nossas-vidas-um-estudo-do-evangelho-por-marlene-nobre\/\" target=\"_blank\" rel=\"noreferrer noopener\">Lea tambi\u00e9n: El faro de nuestras vidas, un estudio del Evangelio, por Marlene Nobre<\/a><\/strong><\/p>\n\n\n\n<p>C\u00f3mo <strong><a href=\"https:\/\/folhaespirita.com.br\/es\/categoria\/biblioteca-chico-xavier\/\" target=\"_blank\" rel=\"noreferrer noopener\">Chico Xavier,<\/a><\/strong> el codificador cumpli\u00f3 todo lo que hab\u00eda prometido al venerable representante de Jes\u00fas. Y para coronar nuestro homenaje al Ap\u00f3stol de la Renovaci\u00f3n Humana, hemos recortado un fragmento de un mensaje de un encuentro inolvidable, que no es otra cosa que la descripci\u00f3n que Chico Xavier hace de su visita espiritual a Pedro Leopoldo y a su casa antes de renacer.<\/p>\n\n\n\n<p>Despu\u00e9s de describir el paisaje que hab\u00eda visto, y la entrada a la casa, describi\u00f3 <a href=\"https:\/\/folhaespirita.com.br\/es\/qual-a-importancia-de-jesus-na-vida-de-chico-xavier\/\" target=\"_blank\" rel=\"noreferrer noopener\">Maria Jo\u00e3o de Deus, su madre,<\/a> De forma conmovedora, revela: \u201cUna profunda simpat\u00eda me conect\u00f3 inmediatamente con aquella mujer humilde y tranquila. Me pareci\u00f3 volver a ver, bajo otra apariencia, a una querida hermana de la que hab\u00eda estado alejado durante un tiempo indefinido. Incapaz de explicar la emoci\u00f3n que me embargaba, ca\u00ed en l\u00e1grimas en las que la pena se mezclaba con la alegr\u00eda, pues volv\u00eda a encontrarme con una criatura afectuosa y amistosa. Recuerdo que no pude contenerme y camin\u00e9 hacia ella, envolvi\u00e9ndola en un fuerte abrazo\u201d.<\/p>\n\n\n\n<p>Con esta conmovedora escena, damos gracias por lo que sigui\u00f3, cuando el Esp\u00edritu de Allan Kardec se uni\u00f3 definitivamente a la que ser\u00eda su madre terrenal y, el 2 de abril de 1910, el Ap\u00f3stol de la Renovaci\u00f3n Humana volvi\u00f3 a la vida terrenal, en un hogar humilde pero rodeado de amor, para cumplir todo lo que hab\u00eda prometido a Cristo.<br>Gracias, Kardec-Chico, por estar con nosotros una vez m\u00e1s y por querernos tanto.<\/p>\n\n\n\n<figure class=\"wp-block-embed is-type-rich is-provider-spotify wp-block-embed-spotify wp-embed-aspect-21-9 wp-has-aspect-ratio\"><div class=\"wp-block-embed__wrapper\">\n<iframe title=\"Spotify Embed: 144 - Homenaje al nacimiento de Chico Xavier - 2 de abril de 1910\" style=\"border-radius: 12px\" width=\"100%\" height=\"152\" frameborder=\"0\" allowfullscreen allow=\"autoplay; clipboard-write; encrypted-media; fullscreen; picture-in-picture\" loading=\"lazy\" src=\"https:\/\/open.spotify.com\/embed\/episode\/0YRyHlLI5wbBLFR07Elm1X?si=b029414899384482&amp;utm_source=oembed\"><\/iframe>\n<\/div><\/figure>","protected":false},"excerpt":{"rendered":"<p>Dia 2 de abril, data do nascimento de Chico Xavier, o ap\u00f3stolo da Renova\u00e7\u00e3o Humana entre n\u00f3s. Uma homenagem ao grande m\u00e9dium.<\/p>","protected":false},"author":3,"featured_media":3136,"comment_status":"open","ping_status":"open","sticky":false,"template":"","format":"standard","meta":{"_acf_changed":false,"footnotes":""},"categories":[22],"tags":[],"edicoes":[490],"class_list":["post-3121","post","type-post","status-publish","format-standard","has-post-thumbnail","hentry","category-editorial","edicoes-577-2"],"acf":[],"_links":{"self":[{"href":"https:\/\/folhaespirita.com.br\/es\/wp-json\/wp\/v2\/posts\/3121","targetHints":{"allow":["GET"]}}],"collection":[{"href":"https:\/\/folhaespirita.com.br\/es\/wp-json\/wp\/v2\/posts"}],"about":[{"href":"https:\/\/folhaespirita.com.br\/es\/wp-json\/wp\/v2\/types\/post"}],"author":[{"embeddable":true,"href":"https:\/\/folhaespirita.com.br\/es\/wp-json\/wp\/v2\/users\/3"}],"replies":[{"embeddable":true,"href":"https:\/\/folhaespirita.com.br\/es\/wp-json\/wp\/v2\/comments?post=3121"}],"version-history":[{"count":2,"href":"https:\/\/folhaespirita.com.br\/es\/wp-json\/wp\/v2\/posts\/3121\/revisions"}],"predecessor-version":[{"id":3142,"href":"https:\/\/folhaespirita.com.br\/es\/wp-json\/wp\/v2\/posts\/3121\/revisions\/3142"}],"wp:featuredmedia":[{"embeddable":true,"href":"https:\/\/folhaespirita.com.br\/es\/wp-json\/wp\/v2\/media\/3136"}],"wp:attachment":[{"href":"https:\/\/folhaespirita.com.br\/es\/wp-json\/wp\/v2\/media?parent=3121"}],"wp:term":[{"taxonomy":"category","embeddable":true,"href":"https:\/\/folhaespirita.com.br\/es\/wp-json\/wp\/v2\/categories?post=3121"},{"taxonomy":"post_tag","embeddable":true,"href":"https:\/\/folhaespirita.com.br\/es\/wp-json\/wp\/v2\/tags?post=3121"},{"taxonomy":"edicoes","embeddable":true,"href":"https:\/\/folhaespirita.com.br\/es\/wp-json\/wp\/v2\/edicoes?post=3121"}],"curies":[{"name":"wp","href":"https:\/\/api.w.org\/{rel}","templated":true}]}}