{"id":3354,"date":"2022-05-31T13:11:52","date_gmt":"2022-05-31T16:11:52","guid":{"rendered":"https:\/\/folhaespirita.com.br.br\/jornal\/?p=3354"},"modified":"2026-01-23T20:17:15","modified_gmt":"2026-01-23T23:17:15","slug":"e-o-vento-uai","status":"publish","type":"post","link":"https:\/\/folhaespirita.com.br\/es\/2022\/05\/31\/e-o-vento-uai\/","title":{"rendered":"Es el viento"},"content":{"rendered":"<p>En la noche del 30 de junio de 2002, hace 20 a\u00f1os, alrededor de las 19h30, en Uberaba (MG), Brasil ganaba y perd\u00eda al mismo tiempo. En aquella ocasi\u00f3n, el abnegado y querido m\u00e9dium de Minas Gerais, Francisco C\u00e2ndido Xavier, regres\u00f3 a la Patria Espiritual, exactamente en la fecha en que la selecci\u00f3n brasile\u00f1a de f\u00fatbol conquistaba el pentacampeonato mundial en Jap\u00f3n.<\/p>\n\n\n\n<p>\u00bfC\u00f3mo nos gustar\u00eda recordarle? Con su inolvidable buen humor, y nada como una buena historia sobre nuestros queridos \u201cminirim\u201d:<\/p>\n\n\n\n<p><em>Ah, el viento...<\/em><\/p>\n\n\n\n<p>Una vez, una se\u00f1ora fue a Uberaba y all\u00ed, delante de Chico, comenz\u00f3 a quejarse de que no consegu\u00eda nada de lo que necesitaba, a pesar de que trabajaba en la Doctrina y rezaba d\u00eda y noche. Al o\u00edr sus quejas, Chico le dijo<\/p>\n\n\n\n<p>- Cuando tienes fe, cuando conf\u00edas, \u00a1te ayudan, hija m\u00eda!<\/p>\n\n\n\n<p>Una vez, en Pedro Leopoldo, ense\u00f1aba catecismo a los ni\u00f1os, pero un d\u00eda me prohibieron la entrada. Estaba dando catecismo a cuarenta ni\u00f1os... Y me prohibieron porque me hab\u00eda hecho espiritista. Me qued\u00e9 en casa. Pero los ni\u00f1os quer\u00edan al t\u00edo Chico... Entonces las familias llevaban a los ni\u00f1os a la casa.<\/p>\n\n\n\n<p>Y me dio mucha pena, porque en la iglesia ten\u00edan bocadillos. Ya eran las dos y yo s\u00f3lo ten\u00eda agua y unos trozos de pan en casa. Eran cuarenta ni\u00f1os... \u00bfC\u00f3mo iba a darles de comer? Rec\u00e9 y le ped\u00ed a Dios que me ayudara, porque no pod\u00edan quedarse sin comer. \u00bfC\u00f3mo iba a hacerlo?<\/p>\n\n\n\n<p>Est\u00e1bamos bajo un \u00e1rbol. Y entonces un viento muy extra\u00f1o empez\u00f3 a agitar las hojas del \u00e1rbol. El viento aullaba entre las ramas del \u00e1rbol. Un vecino sali\u00f3 y pregunt\u00f3:<\/p>\n\n\n\n<p>- Chico, \u00bfqu\u00e9 es eso? \u00bfQu\u00e9 es ese ruido?<\/p>\n\n\n\n<p>- El viento...<\/p>\n\n\n\n<p>- El viento... \u00bfY esos ni\u00f1os?<\/p>\n\n\n\n<p>- \u00a1Catecismo!<\/p>\n\n\n\n<p>- \u00bfNo les diste nada de comer?<\/p>\n\n\n\n<p>- \u00a1Yo no!<\/p>\n\n\n\n<p>- \u00a1Oh, Chico! Tengo pastel y pan aqu\u00ed.<\/p>\n\n\n\n<p>Y el otro vecino de al lado tambi\u00e9n se acerc\u00f3 y pregunt\u00f3:<\/p>\n\n\n\n<p>- \u00bfQu\u00e9 fue eso, Chico? \u00bfQu\u00e9 fue ese viento?<\/p>\n\n\n\n<p>- El viento...<\/p>\n\n\n\n<p>- \u00bfY esos ni\u00f1os?<\/p>\n\n\n\n<p>- El catecismo...<\/p>\n\n\n\n<p>Y as\u00ed, doce familias se reunieron y empezaron a ofrecer a los ni\u00f1os comida, bocadillos, a causa del viento. Reza y pide. Luego presta atenci\u00f3n. Algo vendr\u00e1 a trav\u00e9s de alguien o de algo, d\u00e1ndote, en esencia, la informaci\u00f3n o las advertencias que pides. Ah, el viento...<\/p>\n\n\n\n<h3 class=\"wp-block-heading\" id=\"h-refer-ncias\">Referencias<\/h3>\n\n\n\n<p style=\"font-size:14px\">BIA Rocha contando la historia de Chico Xavier, con el libro \u201cMenino Chico\u201d, de Adeilson Sales. <em>Pri Rocha<\/em>, 10 de junio de 2021. Disponible en: <a href=\"https:\/\/www.youtube.com\/watch?v=ADthUHfGiqE\">https:\/\/www.youtube.com\/watch?v=ADthUHfGiqE<\/a>. Fecha de consulta: 26 de mayo de 2022.<\/p>\n\n\n\n<p style=\"font-size:14px\">MARLENE Nobre: \u201cMis pedazos de espejo\u201d, de Chico Xavier (nueva entrevista). <em>Portal del Despertar<\/em>, 22 mar. 2016. Disponible en: <a href=\"https:\/\/www.youtube.com\/watch?v=ZQQAZmje-m4\">https:\/\/www.youtube.com\/watch?v=ZQQAZmje-m4<\/a>. Fecha de consulta: 26 de mayo de 2022.<\/p>","protected":false},"excerpt":{"rendered":"<p>Na noite de 30 de junho de 2002, este ano completando 20 anos, por volta das 19h30, em Uberaba (MG), o Brasil ganhava e perdia ao mesmo tempo. Na ocasi\u00e3o, retornava \u00e0 P\u00e1tria Espiritual o abnegado e querido m\u00e9dium mineiro Francisco C\u00e2ndido Xavier, exatamente na data em que a Sele\u00e7\u00e3o Brasileira de Futebol conquistava o [&hellip;]<\/p>\n","protected":false},"author":4,"featured_media":3384,"comment_status":"open","ping_status":"open","sticky":false,"template":"","format":"standard","meta":{"_acf_changed":false,"footnotes":""},"categories":[16],"tags":[],"edicoes":[494],"class_list":["post-3354","post","type-post","status-publish","format-standard","has-post-thumbnail","hentry","category-cantinho-do-evangelizador","edicoes-579-2"],"acf":[],"_links":{"self":[{"href":"https:\/\/folhaespirita.com.br\/es\/wp-json\/wp\/v2\/posts\/3354","targetHints":{"allow":["GET"]}}],"collection":[{"href":"https:\/\/folhaespirita.com.br\/es\/wp-json\/wp\/v2\/posts"}],"about":[{"href":"https:\/\/folhaespirita.com.br\/es\/wp-json\/wp\/v2\/types\/post"}],"author":[{"embeddable":true,"href":"https:\/\/folhaespirita.com.br\/es\/wp-json\/wp\/v2\/users\/4"}],"replies":[{"embeddable":true,"href":"https:\/\/folhaespirita.com.br\/es\/wp-json\/wp\/v2\/comments?post=3354"}],"version-history":[{"count":1,"href":"https:\/\/folhaespirita.com.br\/es\/wp-json\/wp\/v2\/posts\/3354\/revisions"}],"predecessor-version":[{"id":3355,"href":"https:\/\/folhaespirita.com.br\/es\/wp-json\/wp\/v2\/posts\/3354\/revisions\/3355"}],"wp:featuredmedia":[{"embeddable":true,"href":"https:\/\/folhaespirita.com.br\/es\/wp-json\/wp\/v2\/media\/3384"}],"wp:attachment":[{"href":"https:\/\/folhaespirita.com.br\/es\/wp-json\/wp\/v2\/media?parent=3354"}],"wp:term":[{"taxonomy":"category","embeddable":true,"href":"https:\/\/folhaespirita.com.br\/es\/wp-json\/wp\/v2\/categories?post=3354"},{"taxonomy":"post_tag","embeddable":true,"href":"https:\/\/folhaespirita.com.br\/es\/wp-json\/wp\/v2\/tags?post=3354"},{"taxonomy":"edicoes","embeddable":true,"href":"https:\/\/folhaespirita.com.br\/es\/wp-json\/wp\/v2\/edicoes?post=3354"}],"curies":[{"name":"wp","href":"https:\/\/api.w.org\/{rel}","templated":true}]}}