{"id":6700,"date":"2024-04-15T12:32:52","date_gmt":"2024-04-15T15:32:52","guid":{"rendered":"https:\/\/folhaespirita.com.br.br\/jornal\/?p=6700"},"modified":"2026-01-23T20:17:07","modified_gmt":"2026-01-23T23:17:07","slug":"primeira-edicao-da-fe-tratou-do-congelamento-de-corpos-e-da-experiencia-do-velho-egito","status":"publish","type":"post","link":"https:\/\/folhaespirita.com.br\/es\/2024\/04\/15\/primeira-edicao-da-fe-tratou-do-congelamento-de-corpos-e-da-experiencia-do-velho-egito\/","title":{"rendered":"Primeira edi\u00e7\u00e3o da FE tratou do congelamento de corpos e da experi\u00eancia do Velho Egito"},"content":{"rendered":"\n<h2 class=\"wp-block-heading\" style=\"font-size:20px\"><strong>Chico Xavier examina em entrevista exclusiva: o congelamento dos corpos e a experi\u00eancia do Velho Egito<\/strong><\/h2>\n\n\n\n<figure class=\"wp-block-image size-full\"><img fetchpriority=\"high\" decoding=\"async\" width=\"553\" height=\"822\" src=\"https:\/\/folhaespirita.com.br\/wp-content\/uploads\/2024\/04\/Primeira_Edicao_tunel_do_tempo.jpg\" alt=\"\" class=\"wp-image-6907\" srcset=\"https:\/\/folhaespirita.com.br\/wp-content\/uploads\/2024\/04\/Primeira_Edicao_tunel_do_tempo.jpg 553w, https:\/\/folhaespirita.com.br\/wp-content\/uploads\/2024\/04\/Primeira_Edicao_tunel_do_tempo-202x300.jpg 202w\" sizes=\"(max-width: 553px) 100vw, 553px\" \/><\/figure>\n\n\n\n<p>Abrimos um par\u00eantesis em nossa vida conturbada de todos os dias, e o sorriso bom de Chico Xavier iluminou-nos o cora\u00e7\u00e3o; suas palavras eivadas de verdades crist\u00e3s fizeram aflorar em n\u00f3s o anseio de amar e compreender a vida, realizando o melhor dentro e fora de n\u00f3s. Aqui, Chico Xavier responde para voc\u00ea:<\/p>\n\n\n\n<p>\u2013 Chico, como voc\u00ea v\u00ea o lan\u00e7amento da <em>Folha Esp\u00edrita<\/em>?<\/p>\n\n\n\n<p>\u2013 Reconhe\u00e7o em <em>Folha Esp\u00edrita<\/em> sempre nova luz que se acende em nossos caminhos espirituais. O termo \u201ccomunica\u00e7\u00e3o\u201d ganhou, recentemente, muita for\u00e7a entre os homens; no entanto, h\u00e1 pouco mais de um s\u00e9culo \u00e9 ensinamento constante nos livros esp\u00edritas.<\/p>\n\n\n\n<p>\u2013 Tendo em vista esse car\u00e1ter vanguardeiro do Espiritismo, qual seria a contribui\u00e7\u00e3o mais importante do movimento esp\u00edrita na atualidade?<\/p>\n\n\n\n<p>\u2013 Estamos convencidos, segundo as afirmativas dos nossos Benfeitores espirituais, que a mais elevada fun\u00e7\u00e3o da Doutrina Esp\u00edrita \u00e9 a de restaurar os ensinamentos de Jesus com as elucida\u00e7\u00f5es de Allan Kardec, para a felicidade real das criaturas.<\/p>\n\n\n\n<p>\u2013 As sondas espaciais realizaram importantes investiga\u00e7\u00f5es no sistema solar. Como o Plano Maior v\u00ea essas pesquisas?<\/p>\n\n\n\n<p>\u2013 A Astron\u00e1utica, na opini\u00e3o de nosso caro Emmanuel, \u00e9 a ci\u00eancia bendita que convida o homem para o estudo da grandeza do Universo.<\/p>\n\n\n\n<p>\u2013 A medicina alcan\u00e7ar\u00e1 maiores \u00eaxitos, em futuro pr\u00f3ximo, no campo da psiquiatria? Os estudos neurol\u00f3gicos atuais v\u00e3o contribuir para melhor entendimento dos fen\u00f4menos ps\u00edquicos?<\/p>\n\n\n\n<p>\u2013 Indiscutivelmente, a jornada \u00e9 longa, mas a Ci\u00eancia est\u00e1 sempre no encal\u00e7o da verdade, e, com a verdade, a psiquiatria e as escolas conexas alcan\u00e7ar\u00e3o a imortalidade do Esp\u00edrito, sublimando as pr\u00f3prias cogita\u00e7\u00f5es.<\/p>\n\n\n\n<p>\u2013 O congelamento de corpos imediatamente ap\u00f3s a morte f\u00edsica com vistas a um despertar na carne ap\u00f3s alguns dec\u00eanios ou s\u00e9culos, isto \u00e9, quando a medicina houver descoberto rem\u00e9dio para os males f\u00edsicos do congelado, trar\u00e1 perturba\u00e7\u00e3o maior ao Esp\u00edrito desencarnado?<\/p>\n\n\n\n<p>\u2013 Marlene, transcrevo aqui o que estou ouvindo de nosso Emmanuel, a quem solicitei o esclarecimento preciso: \u201cSim, o congelamento do corpo ocupado pelo Esp\u00edrito, em processo de desencarna\u00e7\u00e3o, poder\u00e1 ret\u00ea-lo, por algum tempo, junto \u00e0 forma f\u00edsica, ocasionando para ele dificuldades e perturba\u00e7\u00f5es. Isso, de algum modo, j\u00e1 sucedia no Egito Anci\u00e3o, quando o embalsamamento nos retinha, por tempo indeterminado, ao p\u00e9 das formas que teim\u00e1vamos em conservar. Semelhante reten\u00e7\u00e3o, por\u00e9m, s\u00f3 se verifica na pauta da lei de causa e efeito. E, quanto ao congelamento, se alguns dos interessados \u2013 por for\u00e7a da prova\u00e7\u00e3o deles mesmos \u2013 retomarem o corpo frio a fim de reaquec\u00ea-lo, a ci\u00eancia n\u00e3o pode assegurar-lhes um equipamento org\u00e2nico claramente ideal como seria de desejar, especialmente no tocante ao c\u00e9rebro, que o congelamento indeterminado deixar\u00e1 em condi\u00e7\u00f5es por agora imprevis\u00edveis\u201d.<\/p>\n\n\n\n<p>\u2013 Chico, qual a mensagem para os familiares t\u00e3o duramente atingidos na dolorosa trag\u00e9dia do \u201cEdif\u00edcio Joelma\u201d?<\/p>\n\n\n\n<p>\u2013 Compartilhamos do sofrimento de todos os nossos irm\u00e3os que ainda choram com o inc\u00eandio havido a 1\u00ba de fevereiro \u00faltimo, rogando a Jesus nos fortale\u00e7a a todos para compreendermos com seguran\u00e7a as Leis Divinas que nos regem a vida. A imortalidade \u00e9 patrim\u00f4nio de todos, e com a f\u00e9 na Sabedoria e na Bondade de Deus, venceremos as nossas pr\u00f3prias lutas.<\/p>\n\n\n\n<p>***<\/p>\n\n\n\n<h2 class=\"wp-block-heading\">&nbsp;<\/h2>\n\n\n\n<h2 class=\"wp-block-heading\">Editorial<\/h2>\n\n\n\n<h1 class=\"wp-block-heading\">Nosso objetivo<\/h1>\n\n\n\n<p>A <em>Folha Esp\u00edrita<\/em> pretende ser o ve\u00edculo de divulga\u00e7\u00e3o das atividades esp\u00edritas em nosso pa\u00eds, sintetizando tamb\u00e9m os acontecimentos internacionais que interessam a Doutrina ou dando a interpreta\u00e7\u00e3o para os fatos diversos com a proje\u00e7\u00e3o explicativa do Espiritismo \u00e0 hist\u00f3ria contempor\u00e2nea. Assim, tamb\u00e9m, nas manifesta\u00e7\u00f5es art\u00edsticas, procurando penetrar o mais \u00edntimo da representa\u00e7\u00e3o, seja a obra teatral ou cinematogr\u00e1fica.<\/p>\n\n\n\n<p>N\u00e3o desejamos firmar posi\u00e7\u00f5es dogm\u00e1ticas, mesmo porque a Doutrina Esp\u00edrita \u00e9 a doutrina da raz\u00e3o, do racioc\u00ednio, da convic\u00e7\u00e3o, e \u00e9prefer\u00edvel, como dizia Kardec, rejeitar em verdades que admitir uma mentira.<\/p>\n\n\n\n<p>Mas em quest\u00e3o de fidelidade doutrin\u00e1ria, n\u00e3o podemos tergiversar, porque a codifica\u00e7\u00e3o de Kardec tra\u00e7ou, com a assist\u00eancia do Mundo Espiritual, os rumos filos\u00f3ficos, cient\u00edficos e religiosos do Espiritismo. Por isso mesmo, a reda\u00e7\u00e3o se responsabiliza pelos conceitos emitidos pelos seus colaboradores quanto \u00e0 orienta\u00e7\u00e3o doutrin\u00e1ria, mesmo porque a mat\u00e9ria n\u00e3o seria divulgada se n\u00e3o estivesse fiel aos princ\u00edpios kardequianos.<\/p>\n\n\n\n<p>Damos o testemunho do quanto progredia o Espiritismo em nossa terra, sob os ausp\u00edcios da Federa\u00e7\u00e3o Esp\u00edrita Brasileira e de suas cong\u00eaneres estaduais, sob o tra\u00e7o marcante de orienta\u00e7\u00e3o que lhe firmou <em>Bezerra de Menezes<\/em>, seu grande presidente na fase de unifica\u00e7\u00e3o e de pacifica\u00e7\u00e3o da fam\u00edlia esp\u00edrita brasileira.<\/p>\n\n\n\n<p>As distor\u00e7\u00f5es que se verificam em alguns agrupamentos religiosos que se intitulam esp\u00edritas n\u00e3o atingem a Doutrina, nem a alcan\u00e7am cr\u00edticas apressadas dos leigos. Um centro que usa rituais, que faz batismo, que promove casamentos ou batizados etc. n\u00e3o \u00e9 um centro esp\u00edrita, por isso mesmo, n\u00e3o se permite a confus\u00e3o para o efeito de tentar alcan\u00e7ar a Doutrina que nada tem a ver com tais agrupamentos.<\/p>\n\n\n\n<p>O progresso do Espiritismo no Brasil pode ser refletido no enorme interesse popular em torno das obras psicografadas, das tradu\u00e7\u00f5es de livros fundamentais da doutrina ou de estudos e pesquisas em torno da mediunidade.<\/p>\n\n\n\n<p>E a variedade dessas edi\u00e7\u00f5es \u00e9 tal que ao lado da Federa\u00e7\u00e3o Esp\u00edrita Brasileira hoje se colocam em estreita e prof\u00edcua coopera\u00e7\u00e3o as editoras esp\u00edritas particulares, reeditando n\u00e3o apenas as obras fundamentais do Espiritismo, como tamb\u00e9m as obras mais leves e de interesse popular, como as mensagens de ternura crist\u00e3 e os poemas de encantamento espiritual que devemos, muito particularmente, a Francisco C\u00e2ndido Xavier e a outros psic\u00f3grafos que s\u00e3o o sustent\u00e1culo dessas casas de edi\u00e7\u00e3o, que prestam um servi\u00e7o que s\u00f3 o tempo poder\u00e1 demonstrar sua import\u00e2ncia espiritual e hist\u00f3rica.<\/p>\n\n\n\n<p>O prest\u00edgio da Doutrina tamb\u00e9m se tem revelado nas homenagens que o Brasil inteiro, independente de ra\u00edzes religiosas ou convic\u00e7\u00f5es pol\u00edticas, tem prestado ao Espiritismo e \u00e0 sua obra evangelizadora e assiste, utilizando-se de Chico Xavier, pela condi\u00e7\u00e3o de ser ele a mais expressiva, embora a mais humilde personagem na \u00e1rea da comunica\u00e7\u00e3o entre os dois mundos, o vis\u00edvel e o invis\u00edvel.<\/p>\n\n\n\n<p>Molestado em sua mod\u00e9stia, Chico Xavier tem sido levado ao constrangimento dos contatos com as cerim\u00f4nias de multid\u00e3o e as sess\u00f5es solenes nas C\u00e2maras e Assembleias Legislativas, mas, felizmente, tem sabido compreender que n\u00e3o \u00e9 a ele que as homenagens s\u00e3o prestadas, mas \u00e0 a\u00e7\u00e3o social e fecunda, evangelizadora e fraterna da Doutrina que o tem como ponto de apoio; gra\u00e7as \u00e0 riqueza da psicografia que lhe permitiu transmitir mais de 120 livros, que em edi\u00e7\u00f5es de centenas e centenas de milhares de volumes em v\u00e1rias l\u00ednguas, doce sementeira que o Divino Reformador distribuiu a m\u00e3os cheias pelos caminhos do Cristianismo primitivo.<\/p>\n\n\n\n<p>Este jornal \u00e9 apenas o princ\u00edpio de um plano de divulga\u00e7\u00e3o esp\u00edrita em escala nacional, e se aparece como mens\u00e1rio n\u00e3o \u00e9 pela impossibilidade de fazermos pelo menos um seman\u00e1rio esp\u00edrita no Brasil. \u00c9 que os companheiros que o planejaram e que o executam esperam fixar atrav\u00e9s de alguns meses de experi\u00eancia e de consolida\u00e7\u00e3o uma estrutura capaz de coordenadamente levar a <em>Folha Esp\u00edrita<\/em> \u00e0 condi\u00e7\u00e3o de di\u00e1rio.<\/p>\n\n\n\n<p>Conclamamos todos aqueles que sonham com essa divulga\u00e7\u00e3o ampla e eficiente da Doutrina, e que creem nas responsabilidades hist\u00f3ricas de nossa p\u00e1tria na forma\u00e7\u00e3o espiritual do planeta, a cerrarem fileiras em tomo do nosso jornal.<\/p>\n\n\n\n<p>A escolha da data para o seu lan\u00e7amento \u2013 18 de abril \u2013 significou a disposi\u00e7\u00e3o em que nos encontramos de assegurar aos nossos confrades, e a todos que t\u00eam interesse no conhecimento da Doutrina e dos fen\u00f4menos medi\u00fanicos, uma fonte de \u00e1gua l\u00edmpida.<\/p>\n\n\n\n<p>Cada n\u00famero ter\u00e1 a presen\u00e7a de um Esp\u00edrito que nos falar\u00e1 atrav\u00e9s da psicografia de Francisco C\u00e2ndido Xavier, conforme compromisso que o m\u00e9dium de Uberaba assumiu com a dire\u00e7\u00e3o do jornal.<\/p>\n\n\n\n<p>A pe\u00e7a teatral, o filme de atualidade, o livro do momento [e] o acontecimento importante ter\u00e3o a interpreta\u00e7\u00e3o \u00e0 luz do Espiritismo, atrav\u00e9s de seus colaboradores, todos eles selecionados com a \u00fanica preocupa\u00e7\u00e3o de dar a mais leg\u00edtima contribui\u00e7\u00e3o intelectual e espiritual aos nossos leitores.<\/p>\n\n\n\n<p>Uma entrevista de atualidade em cada n\u00famero, o resumo deum livro esp\u00edrita [e] a colabora\u00e7\u00e3o de v\u00e1rios dos nossos mais destacados confrades permitir\u00e3o ao nosso jornal preparar-se para o amplo plano de circula\u00e7\u00e3o di\u00e1ria em prazo que n\u00e3o vamos fixar, porque vai depender mais dos nossos companheiros e das entidades esp\u00edritas de todo o pa\u00eds.<\/p>\n\n\n\n<p>Conhecemos os percal\u00e7os de nossa caminhada, mas estamos seguros de que a Provid\u00eancia n\u00e3o faltar\u00e1 nos nossos momentos de dificuldades e que as b\u00ean\u00e7\u00e3os do Divino Mestre ser\u00e3o o est\u00edmulo para as tarefas que nos foram confiadas na \u00e1rea da comunica\u00e7\u00e3o e da divulga\u00e7\u00e3o da Doutrina Esp\u00edrita.<\/p>\n\n\n\n<p><em>A dire\u00e7\u00e3o<\/em><\/p>\n\n\n\n<p>***<\/p>\n\n\n\n<h1 class=\"wp-block-heading\">Preservar a pureza doutrin\u00e1ria<\/h1>\n\n\n\n<p>O Espiritismo \u00e9 a volta ao Cristianismo primitivo, sem ignorar progresso cient\u00edfico.<\/p>\n\n\n\n<p>Em verdade, atrav\u00e9s dos s\u00e9culos, o Cristianismo vinha perdendo sua subst\u00e2ncia social e fraterna.<\/p>\n\n\n\n<p>Constru\u00edram-se templos, edificaram-se igrejas suntuosas que levaram s\u00e9culos em constru\u00e7\u00e3o.<\/p>\n\n\n\n<p>Ergueram-se est\u00e1tuas e monumentos aos ap\u00f3stolos do Cristianismo, aos seus santos, aos seus m\u00e1rtires.<\/p>\n\n\n\n<p>O homem, por\u00e9m, meta do Cristianismo, foi relegado a segundo plano.<\/p>\n\n\n\n<p>Aquela fraternidade que fazia do homem o irm\u00e3o e do necessitado o seu pr\u00f3ximo foi perdendo conte\u00fado e apagando-se na noite dos tempos.<\/p>\n\n\n\n<p>Aquela devo\u00e7\u00e3o pelo simples, pelo ignorante, pelo necessitado, pelo peregrino dos caminhos da vida foi sendo substitu\u00edda pela devo\u00e7\u00e3o aos altares ricos, constru\u00eddos no ouro e no alabastro.<\/p>\n\n\n\n<p>O Espiritismo fez reviver aquela simplicidade que era o apan\u00e1gio da vida crist\u00e3.<\/p>\n\n\n\n<p>O Cristo redivivo, o Sublime Reformador, transcende a suavidade de seu cora\u00e7\u00e3o em cada creche, em cada lar de crian\u00e7as, no albergue noturno ou no hospital esp\u00edrita, proje\u00e7\u00e3o do grupo que se re\u00fane para os debates doutrin\u00e1rios, mas que sabe concretizar em a\u00e7\u00e3o as li\u00e7\u00f5es do Evangelho.<\/p>\n\n\n\n<p>Os ensinamentos evang\u00e9licos n\u00e3o ficam apenas na an\u00e1lise dos ser\u00f5es doutrin\u00e1rios e nos coment\u00e1rios dos companheiros. A a\u00e7\u00e3o se opera com o esfor\u00e7o conjugado de todos aqueles que aprenderam que as palavras sem a a\u00e7\u00e3o s\u00e3o como a flor sem o perfume. Mas toda a preocupa\u00e7\u00e3o de realizar uma obra assistencial, suprindo as omiss\u00f5es e as defici\u00eancias no setor, deve ter como base a manuten\u00e7\u00e3o da pureza doutrin\u00e1ria.<\/p>\n\n\n\n<p>Assim, a primeira das indaga\u00e7\u00f5es \u00e9 relativa \u00e0 obedi\u00eancia \u00e0 caridade que se apoia na f\u00e9 e na esperan\u00e7a. Para conhecer-se a fidelidade doutrin\u00e1ria de um <em>m\u00e9dium <\/em>ou de um centro esp\u00edrita, \u00e9 necess\u00e1rio indagar do desprendimento com que trabalham, do desinteresse com que prestam servi\u00e7o, do h\u00e1bito na leitura dos textos kardequianos e do estudo constante da Doutrina.<\/p>\n\n\n\n<p>Conhece-se a \u00e1rvore pelos frutos.<\/p>\n\n\n\n<p>Conhece-se o homem por suas obras e a\u00e7\u00f5es.<\/p>\n\n\n\n<p>A fidelidade aos princ\u00edpios kardequianos \u00e9 alicerce de toda boa organiza\u00e7\u00e3o esp\u00edrita. Quando tantas s\u00e3o as distor\u00e7\u00f5es, \u00e9 necess\u00e1rio exigir a obedi\u00eancia aos princ\u00edpios essenciais da Doutrina.<\/p>\n\n\n\n<p>A preserva\u00e7\u00e3o da pureza doutrin\u00e1ria \u00e9 a seguran\u00e7a dessa fidelidade ao Cristianismo primitivo e a garantia de que o Espiritismo atravessar\u00e1 os s\u00e9culos como filosofia, religi\u00e3o e ci\u00eancia \u2013 trilogia da esperan\u00e7a dos povos que procuram ansiosamente um Deus como se procurassem na noite dos tempos o porto seguro para suas ang\u00fastias.<\/p>\n\n\n\n<p>Preservar a pureza doutrin\u00e1ria \u00e9 seguir Kardec, t\u00e3o exigente no respeito aos princ\u00edpios crist\u00e3os e no seu \u00edntimo relacionamento com o amor que tudo absorve, reacendendo nos cora\u00e7\u00f5es a f\u00e9 que remove montanhas e a caridade, sem a qual n\u00e3o h\u00e1 salva\u00e7\u00e3o.<\/p>\n\n\n\n<p><em>A dire\u00e7\u00e3o<\/em><\/p>\n","protected":false},"excerpt":{"rendered":"<p>Chico Xavier examina em entrevista exclusiva: o congelamento dos corpos e a experi\u00eancia do Velho Egito Abrimos um par\u00eantesis em nossa vida conturbada de todos os dias, e o sorriso bom de Chico Xavier iluminou-nos o cora\u00e7\u00e3o; suas palavras eivadas de verdades crist\u00e3s fizeram aflorar em n\u00f3s o anseio de amar e compreender a vida, [&hellip;]<\/p>\n","protected":false},"author":3,"featured_media":6905,"comment_status":"open","ping_status":"open","sticky":false,"template":"","format":"standard","meta":{"_acf_changed":false,"footnotes":""},"categories":[597],"tags":[],"edicoes":[596],"class_list":["post-6700","post","type-post","status-publish","format-standard","has-post-thumbnail","hentry","category-tunel-do-tempo","edicoes-596"],"acf":[],"_links":{"self":[{"href":"https:\/\/folhaespirita.com.br\/es\/wp-json\/wp\/v2\/posts\/6700","targetHints":{"allow":["GET"]}}],"collection":[{"href":"https:\/\/folhaespirita.com.br\/es\/wp-json\/wp\/v2\/posts"}],"about":[{"href":"https:\/\/folhaespirita.com.br\/es\/wp-json\/wp\/v2\/types\/post"}],"author":[{"embeddable":true,"href":"https:\/\/folhaespirita.com.br\/es\/wp-json\/wp\/v2\/users\/3"}],"replies":[{"embeddable":true,"href":"https:\/\/folhaespirita.com.br\/es\/wp-json\/wp\/v2\/comments?post=6700"}],"version-history":[{"count":5,"href":"https:\/\/folhaespirita.com.br\/es\/wp-json\/wp\/v2\/posts\/6700\/revisions"}],"predecessor-version":[{"id":6941,"href":"https:\/\/folhaespirita.com.br\/es\/wp-json\/wp\/v2\/posts\/6700\/revisions\/6941"}],"wp:featuredmedia":[{"embeddable":true,"href":"https:\/\/folhaespirita.com.br\/es\/wp-json\/wp\/v2\/media\/6905"}],"wp:attachment":[{"href":"https:\/\/folhaespirita.com.br\/es\/wp-json\/wp\/v2\/media?parent=6700"}],"wp:term":[{"taxonomy":"category","embeddable":true,"href":"https:\/\/folhaespirita.com.br\/es\/wp-json\/wp\/v2\/categories?post=6700"},{"taxonomy":"post_tag","embeddable":true,"href":"https:\/\/folhaespirita.com.br\/es\/wp-json\/wp\/v2\/tags?post=6700"},{"taxonomy":"edicoes","embeddable":true,"href":"https:\/\/folhaespirita.com.br\/es\/wp-json\/wp\/v2\/edicoes?post=6700"}],"curies":[{"name":"wp","href":"https:\/\/api.w.org\/{rel}","templated":true}]}}