{"id":7146,"date":"2024-07-03T14:33:17","date_gmt":"2024-07-03T17:33:17","guid":{"rendered":"https:\/\/folhaespirita.com.br.br\/jornal\/?p=7146"},"modified":"2026-01-23T20:17:06","modified_gmt":"2026-01-23T23:17:06","slug":"folha-espirita-julho-de-1974","status":"publish","type":"post","link":"https:\/\/folhaespirita.com.br\/es\/2024\/07\/03\/folha-espirita-julho-de-1974\/","title":{"rendered":"Folha Esp\u00edrita \u2013 julho de 1974"},"content":{"rendered":"<h1 class=\"wp-block-heading\">Matrimonio, p\u00edldora y divorcio<\/h1>\n\n\n\n<h2 class=\"wp-block-heading\">Chico Xavier opina sobre:<\/h2>\n\n\n\n<p><strong>Chico Xavier, os Esp\u00edritos amigos apresentam algum ponto de vista sobre o div\u00f3rcio no Brasil?<\/strong><\/p>\n\n\n\n<p>E o referido m\u00e9dium responde:<\/p>\n\n\n\n<p>Allan Kardec, no cap\u00edtulo 22 de <em>El Evangelio seg\u00fan el espiritismo<\/em>, assevera que o div\u00f3rcio \u00e9 uma lei humana que veio consagrar determinada situa\u00e7\u00e3o j\u00e1 existente entre os c\u00f4njuges. Do ponto de vista humano, naturalmente que seria crueldade fugir da possibilidade do div\u00f3rcio em determinadas situa\u00e7\u00f5es da vida e em determinados setores de nossos problemas, quando estamos certos de que as organiza\u00e7\u00f5es banc\u00e1rias do mundo nos concedem reformas e determinados prazos para resgate de certas d\u00edvidas.<\/p>\n\n\n\n<p>Mas devemos estar igualmente conscientes de nossa situa\u00e7\u00e3o no Brasil e podemos perfeitamente reconhecer que ainda estamos imaturos para receber o div\u00f3rcio da magnanimidade da nossa Justi\u00e7a porque somos um pouco jovens. Precisamos habilitar a consci\u00eancia coletiva para uma conquista de tamanha express\u00e3o na vida da criatura e na vida planet\u00e1ria.<\/p>\n\n\n\n<p><strong>Chico, esta \u00e9 uma pergunta ligada \u00e0 anterior e foi formulada pela dire\u00e7\u00e3o do jornal <em>5 de Mar\u00e7o<\/em>: qual a posi\u00e7\u00e3o do Espiritismo em rela\u00e7\u00e3o ao div\u00f3rcio?<\/strong><\/p>\n\n\n\n<p>Retornamos a palavra a Allan Kardec em <em>El Evangelio seg\u00fan el espiritismo<\/em>. No cap\u00edtulo 22, Kardec assevera que o div\u00f3rcio vem consagrar uma situa\u00e7\u00e3o j\u00e1 existente, mas n\u00e3o podemos deixar de apresentar uma ressalva quanto a n\u00f3s outros em nosso pa\u00eds, que estamos procurando Jesus.<\/p>\n\n\n\n<p>N\u00f3s queremos Nosso Senhor Jesus Cristo e devemos esperar e trabalhar muito para que a compreens\u00e3o e o amor reinem sobre n\u00f3s todos, a fim de aguardarmos uma realiza\u00e7\u00e3o como esta, embora sob o ponto de vista humano, do ponto de vista da humanidade, em geral, o div\u00f3rcio \u00e9 uma lei compreens\u00edvel.<\/p>\n\n\n\n<p>Devemos entender que, em efetuando casamento, cada um de n\u00f3s n\u00e3o est\u00e1 criando uma uni\u00e3o de anjos, e sim um ajuste respeitabil\u00edssimo de criaturas humanas em que um e outro c\u00f4njuge apresentam determinadas nuances de incompreens\u00e3o, \u00e0s vezes de grandes dificuldades, que devem ser compreendidas pela outra parte no campo das rela\u00e7\u00f5es rec\u00edprocas.<\/p>\n\n\n\n<p><strong>O sexo<\/strong><\/p>\n\n\n\n<p><strong>Como interpretam os Esp\u00edritos amigos a fun\u00e7\u00e3o do sexo?<\/strong><\/p>\n\n\n\n<p>N\u00f3s devemos ao sexo o bendito nome de m\u00e3e. Devemos ao sexo a forma\u00e7\u00e3o do tesouro do lar. O sexo \u00e9 sagrado em seu valor intr\u00ednseco. Se h\u00e1 algo que pode desprimorar o sexo nasce de n\u00f3s, e n\u00e3o das leis divinas. Devemos honrar os nossos compromissos de natureza sexual com todas as for\u00e7as da nossa alma, mesmo porque atrav\u00e9s do sexo efetuamos a continuidade da esp\u00e9cie no mundo. Mas atrav\u00e9s dele recebemos tamb\u00e9m for\u00e7as din\u00e2micas que podem sustentar a nossa vida espiritual e f\u00edsica para a execu\u00e7\u00e3o de nosso trabalho sobre a Terra. Basta que saibamos fazer a transmuta\u00e7\u00e3o da for\u00e7a sexual em nossas liga\u00e7\u00f5es afetivas uns com os outros, mesmo sem contato sexual, para encontrarmos sempre o amor, porque o amor \u00e9 lei da vida. Mas, se soubermos transmutar a energia sexual em servi\u00e7o, trabalho, organiza\u00e7\u00e3o, realiza\u00e7\u00e3o, sublima\u00e7\u00e3o, encontrar\u00e1 sempre no amor com base mesmo no sexo n\u00e3o vivido a for\u00e7a espiritual mais profunda da vida para garantir a nossa euforia org\u00e2nica e mental sobre a Terra.<\/p>\n\n\n\n<p><strong>A p\u00edlula<\/strong><\/p>\n\n\n\n<p><strong>\u00c9 l\u00edcito o uso de anticoncepcionais?<\/strong><\/p>\n\n\n\n<p>Estamos diante de um problema em que os conceitos de ci\u00eancia e de vida familiar devem ser por n\u00f3s todos respeitados. Esperemos que o tempo nos fa\u00e7a sentir as vantagens dos anticoncepcionais, compreendendo, por\u00e9m, que os anticoncepcionais n\u00e3o estar\u00e3o chegando \u00e0 Terra sem finalidade justa.<\/p>\n\n\n\n<p><strong>Programa\u00e7\u00e3o familiar<\/strong><\/p>\n\n\n\n<p><strong>O casal tem o direito de programar o n\u00famero de filhos em sua pr\u00f3pria casa?<\/strong><\/p>\n\n\n\n<p>Diz Allan Kardec em <em>El libro de los esp\u00edritus<\/em> que o homem deve corrigir tudo aquilo que possa ser contr\u00e1rio \u00e0 natureza. Hoje, dividem-se as opini\u00f5es, mas \u00e0 frente da problem\u00e1tica da nossa civiliza\u00e7\u00e3o, \u00e0 frente dos impositivos da educa\u00e7\u00e3o e da assist\u00eancia \u00e0 fam\u00edlia, n\u00f3s, pessoalmente, acreditamos que o casal tem direito de pedir a Deus inspira\u00e7\u00e3o, de rogar a Jesus as sugest\u00f5es necess\u00e1rias para que n\u00e3o venha a cair em compromissos nos quais os c\u00f4njuges permane\u00e7am frustrados.<\/p>\n\n\n\n<p>Somos filho de fam\u00edlia numerosa. Pessoalmente, sou descendente de uma fam\u00edlia de 15 irm\u00e3os, mas, de 20 anos para c\u00e1, a vida no planeta tem sofrido muitas altera\u00e7\u00f5es e devemos estudar o planejamento com muito respeito \u00e0 vida e, consequentemente, a Deus, em nossos deveres uns para com os outros, e n\u00e3o cairmos em qualquer calamidade por omiss\u00e3o ou deser\u00e7\u00e3o dos nossos deveres.<\/p>\n\n\n\n<p><strong>Namoro, noivado, casamento<\/strong><\/p>\n\n\n\n<p><strong>Por que motivo casais que noivavam apaixonadamente experimentam a diminui\u00e7\u00e3o do interesse afetivo nas rela\u00e7\u00f5es rec\u00edprocas ap\u00f3s o nascimento dos filhos?<\/strong><\/p>\n\n\n\n<p>Grande n\u00famero dos enlaces na Terra obedecem a determina\u00e7\u00f5es de resgate escolhidas pelos pr\u00f3prios c\u00f4njuges, antes do renascimento no ber\u00e7o f\u00edsico, e aqueles amigos que ser\u00e3o filhos do casal, muitas vezes, transformam, ou melhor, omitem as dificuldades prov\u00e1veis do casamento para que os c\u00f4njuges se aproximem segundo os preceitos das leis divinas e formem o lar, transformando determinadas dificuldades em motivos de maior amor, de compreens\u00e3o maior.<\/p>\n\n\n\n<p>O namoro, o noivado, muitas vezes, est\u00e3o presididos pelos Esp\u00edritos familiares que ser\u00e3o os filhos do casal. Quando esses mesmos Esp\u00edritos se transformam em nossos filhos parece que h\u00e1 diminui\u00e7\u00e3o de amor, mas isso n\u00e3o acontece. Existe, sim, a poda da paix\u00e3o, no cap\u00edtulo das afei\u00e7\u00f5es possessivas que n\u00f3s devemos evitar.<\/p>\n\n\n\n<p><strong>Dificuldades do casamento<\/strong><\/p>\n\n\n\n<p><strong>Os casais que experimentam menos interesse afetivo em torno das rela\u00e7\u00f5es m\u00fatuas ap\u00f3s a chegada dos filhos devem continuar unidos mesmo assim?<\/strong><\/p>\n\n\n\n<p>Os nossos amigos espirituais explicam que ningu\u00e9m pode exigir de algu\u00e9m espet\u00e1culos de grandeza e que determinadas situa\u00e7\u00f5es heroicas podem ser abra\u00e7adas pela criatura humana, mas tanto quanto poss\u00edvel por amor aos filhos. Por amor aos nossos familiares, devemos sofrer qualquer esp\u00e9cie de dificuldade para sustentar a fam\u00edlia e resguardar a invulnerabilidade do lar, porque muitas vezes nos sacrificamos de modo absoluto em grandes avais para os quais n\u00e3o estamos preparados, em favor de nossos amigos, por que \u00e9 que n\u00e3o podemos tamb\u00e9m sofrer ou lutar por amor aos nossos filhos, aos nossos descendentes? \u00c9 uma pergunta a n\u00f3s todos, concluiu Chico Xavier.<\/p>\n\n\n\n<p><strong>Lar e fam\u00edlia<\/strong><\/p>\n\n\n\n<p><strong>Do ponto de vista espiritual, como definir o lar e a fam\u00edlia?<\/strong><\/p>\n\n\n\n<p>Outra afirmativa de nosso Emmanuel \u00e9 de que o lar \u00e9 uma ben\u00e7\u00e3o de Deus para os homens e de que a fam\u00edlia \u00e9 uma cria\u00e7\u00e3o dos homens onde eles podem servir a Deus, desde que aceitem com amor o sacrif\u00edcio e a ren\u00fancia, o trabalho e o servi\u00e7o por alicerces de nossa felicidade em comum.<\/p>\n\n\n\n<p><strong>Qual o mecanismo ideal para atingir a paz e a seguran\u00e7a entre os familiares vinculados \u00e0 mesma casa e ao mesmo nome?<\/strong><\/p>\n\n\n\n<p>Cremos que este problema ser\u00e1 perfeitamente solucionado quando esquecermos a afei\u00e7\u00e3o possessiva, a ideia de que somos pertences uns dos outros, quando nos respeitarmos profundamente, cada qual procurando trabalhar e servir, mostrando sua pr\u00f3pria habilita\u00e7\u00e3o o rendimento de servi\u00e7o dentro da voca\u00e7\u00e3o com a qual nasceu, dentro do lar, respeitando-se uns aos outros. Desse modo, com o respeito rec\u00edproco e o amor que liberta, o amor que n\u00e3o escraviza, o problema da paz em fam\u00edlia estar\u00e1 perfeitamente assegurado na solu\u00e7\u00e3o devida.<\/p>","protected":false},"excerpt":{"rendered":"<p>Casamento p\u00edlula e div\u00f3rcio Chico Xavier opina sobre: Chico Xavier, os Esp\u00edritos amigos apresentam algum ponto de vista sobre o div\u00f3rcio no Brasil? E o referido m\u00e9dium responde: Allan Kardec, no cap\u00edtulo 22 de O Evangelho segundo o Espiritismo, assevera que o div\u00f3rcio \u00e9 uma lei humana que veio consagrar determinada situa\u00e7\u00e3o j\u00e1 existente entre [&hellip;]<\/p>\n","protected":false},"author":3,"featured_media":7169,"comment_status":"open","ping_status":"open","sticky":false,"template":"","format":"standard","meta":{"_acf_changed":false,"footnotes":""},"categories":[597],"tags":[],"edicoes":[604],"class_list":["post-7146","post","type-post","status-publish","format-standard","has-post-thumbnail","hentry","category-tunel-do-tempo","edicoes-604"],"acf":[],"_links":{"self":[{"href":"https:\/\/folhaespirita.com.br\/es\/wp-json\/wp\/v2\/posts\/7146","targetHints":{"allow":["GET"]}}],"collection":[{"href":"https:\/\/folhaespirita.com.br\/es\/wp-json\/wp\/v2\/posts"}],"about":[{"href":"https:\/\/folhaespirita.com.br\/es\/wp-json\/wp\/v2\/types\/post"}],"author":[{"embeddable":true,"href":"https:\/\/folhaespirita.com.br\/es\/wp-json\/wp\/v2\/users\/3"}],"replies":[{"embeddable":true,"href":"https:\/\/folhaespirita.com.br\/es\/wp-json\/wp\/v2\/comments?post=7146"}],"version-history":[{"count":1,"href":"https:\/\/folhaespirita.com.br\/es\/wp-json\/wp\/v2\/posts\/7146\/revisions"}],"predecessor-version":[{"id":7147,"href":"https:\/\/folhaespirita.com.br\/es\/wp-json\/wp\/v2\/posts\/7146\/revisions\/7147"}],"wp:featuredmedia":[{"embeddable":true,"href":"https:\/\/folhaespirita.com.br\/es\/wp-json\/wp\/v2\/media\/7169"}],"wp:attachment":[{"href":"https:\/\/folhaespirita.com.br\/es\/wp-json\/wp\/v2\/media?parent=7146"}],"wp:term":[{"taxonomy":"category","embeddable":true,"href":"https:\/\/folhaespirita.com.br\/es\/wp-json\/wp\/v2\/categories?post=7146"},{"taxonomy":"post_tag","embeddable":true,"href":"https:\/\/folhaespirita.com.br\/es\/wp-json\/wp\/v2\/tags?post=7146"},{"taxonomy":"edicoes","embeddable":true,"href":"https:\/\/folhaespirita.com.br\/es\/wp-json\/wp\/v2\/edicoes?post=7146"}],"curies":[{"name":"wp","href":"https:\/\/api.w.org\/{rel}","templated":true}]}}