{"id":7267,"date":"2024-08-06T16:44:03","date_gmt":"2024-08-06T19:44:03","guid":{"rendered":"https:\/\/folhaespirita.com.br.br\/jornal\/?p=7267"},"modified":"2026-01-23T20:17:05","modified_gmt":"2026-01-23T23:17:05","slug":"a-espiritualidade-apoiara-a-sustentabilidade-em-nosso-planeta","status":"publish","type":"post","link":"https:\/\/folhaespirita.com.br\/es\/2024\/08\/06\/a-espiritualidade-apoiara-a-sustentabilidade-em-nosso-planeta\/","title":{"rendered":"A espiritualidade apoiar\u00e1 a sustentabilidade em nosso planeta"},"content":{"rendered":"<figure class=\"wp-block-image size-full is-resized\"><img fetchpriority=\"high\" decoding=\"async\" width=\"667\" height=\"445\" src=\"https:\/\/folhaespirita.com.br\/wp-content\/uploads\/2024\/08\/Conexao_e_interacao.jpg\" alt=\"\" class=\"wp-image-7293\" style=\"width:840px;height:auto\" srcset=\"https:\/\/folhaespirita.com.br\/wp-content\/uploads\/2024\/08\/Conexao_e_interacao.jpg 667w, https:\/\/folhaespirita.com.br\/wp-content\/uploads\/2024\/08\/Conexao_e_interacao-300x200.jpg 300w\" sizes=\"(max-width: 667px) 100vw, 667px\" \/><\/figure>\n\n\n\n<p>\u201cPois n\u00e3o fa\u00e7o o bem que desejo, mas continuo praticando o mal que n\u00e3o desejo. Ora, se fa\u00e7o o que n\u00e3o desejo, j\u00e1 n\u00e3o sou eu quem o faz, mas o pecado que habita em mim\u201d (Romanos 7:19). A frase de Paulo em sua carta aos Romanos nunca ressoou t\u00e3o atual. A reflex\u00e3o que o ap\u00f3stolo dos gentios fez \u00e9 um convite para que possamos refletir sobre por que continuamos a fazer o que n\u00e3o desejamos mais estar fazendo.<\/p>\n\n\n\n<p>A frase ganha um contorno bem importante ao nos depararmos com as recentes not\u00edcias, que trazem at\u00e9 um certo des\u00e2nimo com rela\u00e7\u00e3o \u00e0s escolhas da humanidade, que continua a \u201cempurrar com a barriga\u201d as a\u00e7\u00f5es urgentes de que necessita o nosso planeta.<\/p>\n\n\n\n<p>Recentemente, a Organiza\u00e7\u00e3o das Na\u00e7\u00f5es Unidas (ONU) alertou que, faltando apenas seis anos para o fim do prazo estipulado para se atingir os Objetivos de Desenvolvimento Sustent\u00e1vel (ODS) para 2030, atingimos apenas 17% das metas. De forma ainda mais triste, o relat\u00f3rio sobre os ODS 2024 apresentou o triste dado de que mais de 23 milh\u00f5es de pessoas foram empurradas para a pobreza extrema.<\/p>\n\n\n\n<p>Um dos motivos que levam a esse quadro estarrecedor \u00e9 a falta de investimentos maci\u00e7os e a\u00e7\u00f5es em larga escala que demonstrem realmente um compromisso das na\u00e7\u00f5es. Sem isso, pode-se constatar que a tarefa de se alcan\u00e7ar o cumprimento dos ODS ser\u00e1 praticamente imposs\u00edvel.<\/p>\n\n\n\n<p>E por que n\u00e3o fazemos, por que n\u00e3o nos comprometemos com esses objetivos? O que ainda falta para fazermos o que precisa ser feito?<\/p>\n\n\n\n<p>O ESG (Environmental, Social and Governance, ou Ambiental, Social e Governan\u00e7a), que h\u00e1 alguns anos tem ganhado for\u00e7a nas empresas e pautado muitos esfor\u00e7os legislativos, parecia ser um bom sinal de que poder\u00edamos realmente avan\u00e7ar. No entanto, apesar da for\u00e7a da lei, infelizmente, as pr\u00e1ticas sustent\u00e1veis que deveriam moldar as a\u00e7\u00f5es das corpora\u00e7\u00f5es v\u00eam caindo em descr\u00e9dito, sendo, muitas vezes, utilizadas como ferramenta de marketing para impulsionar ainda mais os neg\u00f3cios da empresa sem promover mudan\u00e7as reais.<\/p>\n\n\n\n<p>Essa constata\u00e7\u00e3o p\u00f4de ser vista no recente document\u00e1rio do Financial Times, que tem como t\u00edtulo <em>Quem matou a festa ESG?<\/em> Ele efetivamente faz a pergunta que tenta achar um respons\u00e1vel pela diminui\u00e7\u00e3o de investimentos que acontecem em decorr\u00eancia do <em>greenwashing<\/em>, que \u00e9 exatamente quando as empresas utilizam o discurso da sustentabilidade apenas como uma ferramenta de marketing sem realmente praticarem as a\u00e7\u00f5es que divulgam. Isso pode acontecer com a divulga\u00e7\u00e3o de informa\u00e7\u00f5es falsas, a oculta\u00e7\u00e3o de dados ou at\u00e9 mesmo a oculta\u00e7\u00e3o de a\u00e7\u00f5es da empresa que possam ser encaradas como pouco sustent\u00e1veis. Ou seja, conhecemos os objetivos sustent\u00e1veis, durante a \u00faltima d\u00e9cada impulsionamos e discutimos muito o ESG, mas, na hora de fazer o bem, de colocar em pr\u00e1tica tais pr\u00e1ticas, falhamos vergonhosamente.<\/p>\n\n\n\n<p>O bem que dever\u00edamos fazer pela nossa pr\u00f3pria sobreviv\u00eancia, n\u00e3o estamos fazendo. E a\u00ed retomamos ao questionamento de Paulo aos Romanos: por que continuamos a praticar o mal, por que insistimos em uma postura n\u00e3o \u00e9tica, mesmo sabendo que estamos colocando em jogo nosso pr\u00f3prio bem-estar? Com toda a certeza, as raz\u00f5es repousam no orgulho e no ego\u00edsmo. Ser\u00e1 imposs\u00edvel avan\u00e7ar com pr\u00e1ticas externas se dentro de n\u00f3s n\u00e3o nos modificarmos. Necessitamos desenvolver uma transforma\u00e7\u00e3o interna, dar um novo significado para nossas vidas, nos conectarmos a uma consci\u00eancia maior que tudo. Estamos todos interligados, por isso, quando escolhemos agir para atender somente aos nossos interesses sem nos preocuparmos com a coletividade, vamos falhar.<\/p>\n\n\n\n<p>Sem uma espiritualidade compreendida por cada um de n\u00f3s e praticada de forma honesta e verdadeira, n\u00e3o avan\u00e7aremos. Desse modo, n\u00e3o adiantar\u00e3o leis nem siglas, continuaremos patinando.<\/p>\n\n\n\n<p>\u00c9 chegado o momento de nos comprometermos de forma honesta com a nossa transforma\u00e7\u00e3o. Enquanto insistirmos em ser quem somos e deixarmos que nossos interesses prevale\u00e7am sobre as necessidades de todos, vamos fracassar, fazendo com que milh\u00f5es de pessoas morram de fome e o planeta siga exausto pelos desmandos humanos.<\/p>","protected":false},"excerpt":{"rendered":"<p>\u201cPois n\u00e3o fa\u00e7o o bem que desejo, mas continuo praticando o mal que n\u00e3o desejo. Ora, se fa\u00e7o o que n\u00e3o desejo, j\u00e1 n\u00e3o sou eu quem o faz, mas o pecado que habita em mim\u201d (Romanos 7:19). A frase de Paulo em sua carta aos Romanos nunca ressoou t\u00e3o atual. A reflex\u00e3o que o [&hellip;]<\/p>\n","protected":false},"author":3,"featured_media":7295,"comment_status":"open","ping_status":"open","sticky":false,"template":"","format":"standard","meta":{"_acf_changed":false,"footnotes":""},"categories":[22],"tags":[],"edicoes":[606],"class_list":["post-7267","post","type-post","status-publish","format-standard","has-post-thumbnail","hentry","category-editorial","edicoes-606"],"acf":[],"_links":{"self":[{"href":"https:\/\/folhaespirita.com.br\/es\/wp-json\/wp\/v2\/posts\/7267","targetHints":{"allow":["GET"]}}],"collection":[{"href":"https:\/\/folhaespirita.com.br\/es\/wp-json\/wp\/v2\/posts"}],"about":[{"href":"https:\/\/folhaespirita.com.br\/es\/wp-json\/wp\/v2\/types\/post"}],"author":[{"embeddable":true,"href":"https:\/\/folhaespirita.com.br\/es\/wp-json\/wp\/v2\/users\/3"}],"replies":[{"embeddable":true,"href":"https:\/\/folhaespirita.com.br\/es\/wp-json\/wp\/v2\/comments?post=7267"}],"version-history":[{"count":2,"href":"https:\/\/folhaespirita.com.br\/es\/wp-json\/wp\/v2\/posts\/7267\/revisions"}],"predecessor-version":[{"id":7296,"href":"https:\/\/folhaespirita.com.br\/es\/wp-json\/wp\/v2\/posts\/7267\/revisions\/7296"}],"wp:featuredmedia":[{"embeddable":true,"href":"https:\/\/folhaespirita.com.br\/es\/wp-json\/wp\/v2\/media\/7295"}],"wp:attachment":[{"href":"https:\/\/folhaespirita.com.br\/es\/wp-json\/wp\/v2\/media?parent=7267"}],"wp:term":[{"taxonomy":"category","embeddable":true,"href":"https:\/\/folhaespirita.com.br\/es\/wp-json\/wp\/v2\/categories?post=7267"},{"taxonomy":"post_tag","embeddable":true,"href":"https:\/\/folhaespirita.com.br\/es\/wp-json\/wp\/v2\/tags?post=7267"},{"taxonomy":"edicoes","embeddable":true,"href":"https:\/\/folhaespirita.com.br\/es\/wp-json\/wp\/v2\/edicoes?post=7267"}],"curies":[{"name":"wp","href":"https:\/\/api.w.org\/{rel}","templated":true}]}}