{"id":8127,"date":"2025-05-03T11:12:12","date_gmt":"2025-05-03T14:12:12","guid":{"rendered":"https:\/\/folhaespirita.com.br.br\/jornal\/?p=8127"},"modified":"2026-01-23T20:17:02","modified_gmt":"2026-01-23T23:17:02","slug":"a-paz-e-uma-construcao-coletiva","status":"publish","type":"post","link":"https:\/\/folhaespirita.com.br\/es\/2025\/05\/03\/a-paz-e-uma-construcao-coletiva\/","title":{"rendered":"A paz \u00e9 uma constru\u00e7\u00e3o coletiva"},"content":{"rendered":"<p>O exemplo do Papa Francisco, sem d\u00favida, ecoar\u00e1 pela eternidade. N\u00e3o poderia ser mais impactante o desfecho de sua passagem terrena \u2013 na realidade, o exemplo vivo de tudo aquilo que ele vivenciou em sua vida.<\/p>\n\n\n\n<figure class=\"wp-block-image size-full\"><img fetchpriority=\"high\" decoding=\"async\" width=\"739\" height=\"490\" src=\"https:\/\/folhaespirita.com.br\/wp-content\/uploads\/2025\/05\/Papa_-com_seu-sorriso_e_seu_jeito_simples_e_humilde.jpg\" alt=\"\" class=\"wp-image-8147\" srcset=\"https:\/\/folhaespirita.com.br\/wp-content\/uploads\/2025\/05\/Papa_-com_seu-sorriso_e_seu_jeito_simples_e_humilde.jpg 739w, https:\/\/folhaespirita.com.br\/wp-content\/uploads\/2025\/05\/Papa_-com_seu-sorriso_e_seu_jeito_simples_e_humilde-300x199.jpg 300w, https:\/\/folhaespirita.com.br\/wp-content\/uploads\/2025\/05\/Papa_-com_seu-sorriso_e_seu_jeito_simples_e_humilde-600x398.jpg 600w\" sizes=\"(max-width: 739px) 100vw, 739px\" \/><\/figure>\n\n\n\n<p>Jorge Bergoglio construiu pontes na sociedade humana. Sua leitura do momento atual da nossa hist\u00f3ria foi <em>precisa<\/em>, tanto pela urg\u00eancia de mudan\u00e7as quanto pela necessidade de integra\u00e7\u00e3o. A constru\u00e7\u00e3o da paz foi uma bandeira de seu papado, e, para isso, soube compreender com maestria que o caminho n\u00e3o est\u00e1 na discuss\u00e3o dogm\u00e1tica, na disputa religiosa ou pol\u00edtica. A paz n\u00e3o tem lados, n\u00e3o tem vencedores ou perdedores, disse ele: <em>\u201cA paz \u00e9 poss\u00edvel!\u201d<\/em><\/p>\n\n\n\n<p>O momento de sua \u00faltima mensagem n\u00e3o poderia ser mais emblem\u00e1tico: o Domingo de P\u00e1scoa, quando o mundo crist\u00e3o celebra a volta do Mestre Jesus, a renova\u00e7\u00e3o da f\u00e9 e da esperan\u00e7a, a certeza de que o Nazareno n\u00e3o nos deixou e nunca nos deixar\u00e1.<\/p>\n\n\n\n<p>Ao se referir \u00e0 reapari\u00e7\u00e3o de Cristo, o pont\u00edfice afirmou: <em>\u201cO amor venceu o \u00f3dio. A luz venceu as trevas. A verdade venceu a mentira. O perd\u00e3o venceu a vingan\u00e7a. O mal n\u00e3o desapareceu da nossa hist\u00f3ria e permanecer\u00e1 at\u00e9 o fim, mas j\u00e1 n\u00e3o lhe pertence o dom\u00ednio; n\u00e3o tem poder sobre quem acolhe a gra\u00e7a deste dia\u201d.<\/em> Um convite irresist\u00edvel para confiarmos que essa passagem na hist\u00f3ria n\u00e3o foi em v\u00e3o e que seu significado deve ser relembrado por n\u00f3s todos os dias.<\/p>\n\n\n\n<p>Ap\u00f3s pedir pelo fim de tantos conflitos, ele compartilhou com a humanidade os caminhos para a paz, declarando:<\/p>\n\n\n\n<p class=\"has-luminous-vivid-orange-color has-text-color has-link-color wp-elements-9e28a62550ebbb532f1cad243e3d9ca6\" style=\"font-size:24px\">\u201cN\u00e3o \u00e9 poss\u00edvel haver paz onde n\u00e3o h\u00e1 liberdade religiosa, liberdade de pensamento, de express\u00e3o ou respeito pela opini\u00e3o alheia.\u201d<\/p>\n\n\n\n<p class=\"has-luminous-vivid-orange-color has-text-color has-link-color wp-elements-3c612af16ff6bf40b27370d01db16f83\" style=\"font-size:24px\">\u201cN\u00e3o \u00e9 poss\u00edvel haver paz sem um verdadeiro desarmamento! A necessidade de defesa n\u00e3o pode se transformar em uma corrida armamentista.\u201d<\/p>\n\n\n\n<p class=\"has-luminous-vivid-orange-color has-text-color has-link-color wp-elements-c186e4515c7170e5d73b3950a2b65aec\" style=\"font-size:24px\">\u201cA luz da P\u00e1scoa nos incita a derrubar barreiras que criam divis\u00f5es e geram consequ\u00eancias pol\u00edticas e econ\u00f4micas. Ela nos chama a cuidar uns dos outros, a fortalecer a solidariedade e a trabalhar pelo desenvolvimento integral de cada ser humano.&#8221;<\/p>\n\n\n\n<p>Essa vis\u00e3o humanista do Papa \u00e9 algo que jamais devemos nos esquecer. Sua passagem pela Terra foi, sem d\u00favida, designada por Jesus, que nos envia emiss\u00e1rios para nos lembrar do que verdadeiramente importa. Francisco foi um deles: sua vida mostrou que a caridade, o olhar para o outro e o amor ao pr\u00f3ximo s\u00e3o os pilares da transforma\u00e7\u00e3o da humanidade \u2013 um caminho aberto a todos. Como disse Chico Xavier: <em>\u201cSe Kardec tivesse dito \u2018fora do Espiritismo n\u00e3o h\u00e1 salva\u00e7\u00e3o\u2019, eu n\u00e3o seria esp\u00edrita. Felizmente, ele disse \u2018fora da caridade n\u00e3o h\u00e1 salva\u00e7\u00e3o\u2019\u201d.<\/em><\/p>\n\n\n\n<p>O mundo carece de \u201cFranciscos\u201d, ou seja, pessoas que vivem, amam, exemplificam e ensinam. E carece, sobretudo, de nossa a\u00e7\u00e3o: do despertar nas pequenas realiza\u00e7\u00f5es cotidianas, da constru\u00e7\u00e3o das pontes que o Papa nos provou serem poss\u00edveis. Ele n\u00e3o se intimidou em viver sua f\u00e9 e transformar o amor em gestos concretos. E n\u00f3s? O que significa, em minha vida, ter sido contempor\u00e2neo de um homem como Jorge Bergoglio, de Chico Xavier e tantos outros? Certamente, n\u00e3o \u00e9 por acaso que estamos aqui, neste exato momento da hist\u00f3ria.<\/p>\n\n\n\n<p>A melhor forma de honrar o legado do Papa Francisco \u00e9 colocar seus exemplos em pr\u00e1tica, seja na busca pela paz, no respeito \u00e0s diferen\u00e7as ou na coragem de agir com caridade. Por isso, obrigado, Francisco, por nos mostrar que a paz est\u00e1 acima de tudo e que seus caminhos s\u00e3o acess\u00edveis a todos. E, acima de tudo, por sua vida, que nos lembra: Jesus nunca nos abandona. Ele nos envia, incessantemente, mensageiros para nos guiar.<\/p>","protected":false},"excerpt":{"rendered":"<p>O exemplo do Papa Francisco, sem d\u00favida, ecoar\u00e1 pela eternidade. N\u00e3o poderia ser mais impactante o desfecho de sua passagem terrena \u2013 na realidade, o exemplo vivo de tudo aquilo que ele vivenciou em sua vida. Jorge Bergoglio construiu pontes na sociedade humana. Sua leitura do momento atual da nossa hist\u00f3ria foi precisa, tanto pela [&hellip;]<\/p>\n","protected":false},"author":3,"featured_media":8148,"comment_status":"open","ping_status":"open","sticky":false,"template":"","format":"standard","meta":{"_acf_changed":false,"footnotes":""},"categories":[22],"tags":[],"edicoes":[638],"class_list":["post-8127","post","type-post","status-publish","format-standard","has-post-thumbnail","hentry","category-editorial","edicoes-638"],"acf":[],"_links":{"self":[{"href":"https:\/\/folhaespirita.com.br\/es\/wp-json\/wp\/v2\/posts\/8127","targetHints":{"allow":["GET"]}}],"collection":[{"href":"https:\/\/folhaespirita.com.br\/es\/wp-json\/wp\/v2\/posts"}],"about":[{"href":"https:\/\/folhaespirita.com.br\/es\/wp-json\/wp\/v2\/types\/post"}],"author":[{"embeddable":true,"href":"https:\/\/folhaespirita.com.br\/es\/wp-json\/wp\/v2\/users\/3"}],"replies":[{"embeddable":true,"href":"https:\/\/folhaespirita.com.br\/es\/wp-json\/wp\/v2\/comments?post=8127"}],"version-history":[{"count":3,"href":"https:\/\/folhaespirita.com.br\/es\/wp-json\/wp\/v2\/posts\/8127\/revisions"}],"predecessor-version":[{"id":8150,"href":"https:\/\/folhaespirita.com.br\/es\/wp-json\/wp\/v2\/posts\/8127\/revisions\/8150"}],"wp:featuredmedia":[{"embeddable":true,"href":"https:\/\/folhaespirita.com.br\/es\/wp-json\/wp\/v2\/media\/8148"}],"wp:attachment":[{"href":"https:\/\/folhaespirita.com.br\/es\/wp-json\/wp\/v2\/media?parent=8127"}],"wp:term":[{"taxonomy":"category","embeddable":true,"href":"https:\/\/folhaespirita.com.br\/es\/wp-json\/wp\/v2\/categories?post=8127"},{"taxonomy":"post_tag","embeddable":true,"href":"https:\/\/folhaespirita.com.br\/es\/wp-json\/wp\/v2\/tags?post=8127"},{"taxonomy":"edicoes","embeddable":true,"href":"https:\/\/folhaespirita.com.br\/es\/wp-json\/wp\/v2\/edicoes?post=8127"}],"curies":[{"name":"wp","href":"https:\/\/api.w.org\/{rel}","templated":true}]}}