{"id":8805,"date":"2025-11-03T09:29:37","date_gmt":"2025-11-03T12:29:37","guid":{"rendered":"https:\/\/folhaespirita.com.br.br\/jornal\/?p=8805"},"modified":"2026-01-23T20:16:59","modified_gmt":"2026-01-23T23:16:59","slug":"o-combate-ao-crime-e-o-desafio-da-regeneracao","status":"publish","type":"post","link":"https:\/\/folhaespirita.com.br\/es\/2025\/11\/03\/o-combate-ao-crime-e-o-desafio-da-regeneracao\/","title":{"rendered":"La lucha contra la delincuencia y el reto de la regeneraci\u00f3n"},"content":{"rendered":"<p>Em 29 de outubro de 2025, o Rio de Janeiro foi abalado por uma grande e letal opera\u00e7\u00e3o policial nos Complexos do Alem\u00e3o e da Penha. O impacto dessa a\u00e7\u00e3o reverberou por toda a cidade: em repres\u00e1lia, criminosos bloquearam vias importantes, como a Graja\u00fa-Jacarepagu\u00e1, provocando um caos generalizado no tr\u00e2nsito e no transporte p\u00fablico.<\/p>\n\n\n\n<p>A rotina de milhares de cidad\u00e3os foi abruptamente paralisada. Escolas e postos de sa\u00fade foram fechados nas \u00e1reas de conflito; \u00f3rg\u00e3os p\u00fablicos e universidades suspenderam as atividades, e o medo de novos confrontos levou ao fechamento de com\u00e9rcios em diversos bairros. O dia de trabalho e locomo\u00e7\u00e3o transformou-se em um cen\u00e1rio de tens\u00e3o e incerteza, levando o munic\u00edpio a entrar em Est\u00e1gio 2 de risco operacional.<\/p>\n\n\n\n<figure class=\"wp-block-image size-full\"><img fetchpriority=\"high\" decoding=\"async\" width=\"819\" height=\"490\" src=\"https:\/\/folhaespirita.com.br\/wp-content\/uploads\/2025\/11\/comunidade.jpg\" alt=\"\" class=\"wp-image-8816\" srcset=\"https:\/\/folhaespirita.com.br\/wp-content\/uploads\/2025\/11\/comunidade.jpg 819w, https:\/\/folhaespirita.com.br\/wp-content\/uploads\/2025\/11\/comunidade-300x179.jpg 300w, https:\/\/folhaespirita.com.br\/wp-content\/uploads\/2025\/11\/comunidade-768x459.jpg 768w, https:\/\/folhaespirita.com.br\/wp-content\/uploads\/2025\/11\/comunidade-600x359.jpg 600w\" sizes=\"(max-width: 819px) 100vw, 819px\" \/><\/figure>\n\n\n\n<p>Diante desse quadro, torna-se ainda mais urgente uma reflex\u00e3o profunda sobre os caminhos que temos trilhado para combater o crime e enfrentar a viol\u00eancia. \u00c9 tempo de nos perguntarmos: estamos realmente avan\u00e7ando ou apenas repetindo padr\u00f5es que nos mant\u00eam presos ao passado? Ser\u00e1 que a resposta \u00e0 viol\u00eancia deve ser sempre mais viol\u00eancia? Ou ser\u00e1 poss\u00edvel construir novas solu\u00e7\u00f5es, inspiradas nos ensinamentos crist\u00e3os e fundamentadas no respeito, no di\u00e1logo, na inclus\u00e3o social e no cuidado com o pr\u00f3ximo?<\/p>\n\n\n\n<p>\u00c9 fundamental destacar que n\u00e3o se trata de defender a omiss\u00e3o diante do crime, nem de minimizar a gravidade da situa\u00e7\u00e3o. O enfrentamento \u00e0 criminalidade \u00e9 uma necessidade incontest\u00e1vel. Contudo, \u00e9 preciso questionar: os modelos vigentes, baseados na for\u00e7a e na retalia\u00e7\u00e3o, est\u00e3o realmente funcionando? Ou estamos apenas perpetuando a l\u00f3gica do \u201cdente por dente, olho por olho\u201d, que h\u00e1 s\u00e9culos alimenta o ciclo de sofrimento e exclus\u00e3o?<\/p>\n\n\n\n<p>A Doutrina Esp\u00edrita, com sua vis\u00e3o ampla e integradora, nos oferece um convite \u00e0 reflex\u00e3o e \u00e0 transforma\u00e7\u00e3o. Em <em>El libro de los esp\u00edritus<\/em>, Allan Kardec apresenta a viol\u00eancia e as guerras como consequ\u00eancias das imperfei\u00e7\u00f5es humanas, mas tamb\u00e9m como instrumentos de aprendizado e evolu\u00e7\u00e3o. A obra enfatiza que, \u00e0 medida que a humanidade avan\u00e7a moralmente, esses flagelos tendem a desaparecer, sendo substitu\u00eddos pela paz e pela fraternidade.<\/p>\n\n\n\n<p>O Espiritismo, ao ensinar as leis morais e divinas, oferece um caminho para superar os conflitos e construir um mundo mais harmonioso. N\u00e3o se trata de romantizar o sofrimento ou de ignorar a dor das v\u00edtimas. Trata-se de compreender que o verdadeiro progresso n\u00e3o se estabelece pela for\u00e7a das armas, mas pela for\u00e7a do Esp\u00edrito. \u201cQuando os homens seguirem as leis divinas, as guerras e a viol\u00eancia deixar\u00e3o de existir, e a Terra se tornar\u00e1 um mundo regenerado\u201d. Essa afirma\u00e7\u00e3o, presente na Doutrina, aponta para uma transforma\u00e7\u00e3o que come\u00e7a no \u00edntimo de cada ser humano, irradiando-se para a coletividade. O progresso espiritual da humanidade nos conduzir\u00e1 \u00e0 compreens\u00e3o de que o amor e a fraternidade s\u00e3o os \u00fanicos caminhos para a verdadeira paz.<\/p>\n\n\n\n<p>A opera\u00e7\u00e3o policial de 29 de outubro de 2025, assim como tantas outras ao redor do mundo, \u00e9 um retrato das paix\u00f5es e dos interesses que ainda dominam o cen\u00e1rio terrestre. O Espiritismo ensina que o progresso moral \u00e9 o \u00fanico caminho para superar as guerras e a viol\u00eancia, promovendo a paz e a fraternidade entre os homens. \u00c9 preciso romper com a l\u00f3gica da revanche, do \u00f3dio e da exclus\u00e3o. N\u00e3o se trata de abandonar o enfrentamento ao crime, mas de questionar profundamente se as estrat\u00e9gias baseadas no confronto direto e na retalia\u00e7\u00e3o est\u00e3o nos conduzindo ao futuro que desejamos.<\/p>\n\n\n\n<p>Nos mundos superiores, as guerras s\u00e3o desconhecidas, pois os Esp\u00edritos que os habitam j\u00e1 superaram as paix\u00f5es que levam aos conflitos. Este \u00e9 o horizonte para o qual devemos caminhar: uma sociedade em que o amor e a fraternidade sejam n\u00e3o apenas ideais, mas realidades vividas e compartilhadas em todos os espa\u00e7os.<\/p>\n\n\n\n<p>Chegou o momento de buscarmos, juntos, novas solu\u00e7\u00f5es \u2013 que n\u00e3o reproduzam a viol\u00eancia, mas que sejam capazes de cur\u00e1-la em sua origem. Solu\u00e7\u00f5es crist\u00e3s, inspiradas na compaix\u00e3o, na justi\u00e7a e na solidariedade. Que possamos, como sociedade, aprender com o sofrimento e transformar o nosso presente, preparando o terreno para um futuro verdadeiramente regenerado.<\/p>\n\n\n\n<p>A opera\u00e7\u00e3o de 29 de outubro nos desafia a olhar al\u00e9m dos resultados imediatos. Convida-nos a repensar o papel das institui\u00e7\u00f5es, dos l\u00edderes e de cada cidad\u00e3o na constru\u00e7\u00e3o de um caminho que n\u00e3o seja apenas de enfrentamento, mas de verdadeira transforma\u00e7\u00e3o. Que possamos refletir sobre nossas escolhas, unir for\u00e7as e buscar, com coragem e humildade, as alternativas que conduzam \u00e0 paz, \u00e0 fraternidade e \u00e0 regenera\u00e7\u00e3o de nossa sociedade.<\/p>","protected":false},"excerpt":{"rendered":"<p>Em 29 de outubro de 2025, o Rio de Janeiro foi abalado por uma grande e letal opera\u00e7\u00e3o policial nos Complexos do Alem\u00e3o e da Penha. O impacto dessa a\u00e7\u00e3o reverberou por toda a cidade: em repres\u00e1lia, criminosos bloquearam vias importantes, como a Graja\u00fa-Jacarepagu\u00e1, provocando um caos generalizado no tr\u00e2nsito e no transporte p\u00fablico. A [&hellip;]<\/p>\n","protected":false},"author":3,"featured_media":8817,"comment_status":"open","ping_status":"open","sticky":false,"template":"","format":"standard","meta":{"_acf_changed":false,"footnotes":""},"categories":[22],"tags":[],"edicoes":[654],"class_list":["post-8805","post","type-post","status-publish","format-standard","has-post-thumbnail","hentry","category-editorial","edicoes-654"],"acf":[],"_links":{"self":[{"href":"https:\/\/folhaespirita.com.br\/es\/wp-json\/wp\/v2\/posts\/8805","targetHints":{"allow":["GET"]}}],"collection":[{"href":"https:\/\/folhaespirita.com.br\/es\/wp-json\/wp\/v2\/posts"}],"about":[{"href":"https:\/\/folhaespirita.com.br\/es\/wp-json\/wp\/v2\/types\/post"}],"author":[{"embeddable":true,"href":"https:\/\/folhaespirita.com.br\/es\/wp-json\/wp\/v2\/users\/3"}],"replies":[{"embeddable":true,"href":"https:\/\/folhaespirita.com.br\/es\/wp-json\/wp\/v2\/comments?post=8805"}],"version-history":[{"count":5,"href":"https:\/\/folhaespirita.com.br\/es\/wp-json\/wp\/v2\/posts\/8805\/revisions"}],"predecessor-version":[{"id":8836,"href":"https:\/\/folhaespirita.com.br\/es\/wp-json\/wp\/v2\/posts\/8805\/revisions\/8836"}],"wp:featuredmedia":[{"embeddable":true,"href":"https:\/\/folhaespirita.com.br\/es\/wp-json\/wp\/v2\/media\/8817"}],"wp:attachment":[{"href":"https:\/\/folhaespirita.com.br\/es\/wp-json\/wp\/v2\/media?parent=8805"}],"wp:term":[{"taxonomy":"category","embeddable":true,"href":"https:\/\/folhaespirita.com.br\/es\/wp-json\/wp\/v2\/categories?post=8805"},{"taxonomy":"post_tag","embeddable":true,"href":"https:\/\/folhaespirita.com.br\/es\/wp-json\/wp\/v2\/tags?post=8805"},{"taxonomy":"edicoes","embeddable":true,"href":"https:\/\/folhaespirita.com.br\/es\/wp-json\/wp\/v2\/edicoes?post=8805"}],"curies":[{"name":"wp","href":"https:\/\/api.w.org\/{rel}","templated":true}]}}