{"id":8912,"date":"2025-12-08T00:01:16","date_gmt":"2025-12-08T03:01:16","guid":{"rendered":"https:\/\/folhaespirita.com.br.br\/jornal\/?p=8912"},"modified":"2026-01-23T20:45:18","modified_gmt":"2026-01-23T23:45:18","slug":"o-poder-do-pensamento-a-consciencia-coletiva-e-a-construcao-da-paz","status":"publish","type":"post","link":"https:\/\/folhaespirita.com.br\/es\/2025\/12\/08\/o-poder-do-pensamento-a-consciencia-coletiva-e-a-construcao-da-paz\/","title":{"rendered":"El poder del pensamiento, la conciencia colectiva y la construcci\u00f3n de la paz"},"content":{"rendered":"\n<figure class=\"wp-block-image size-full\"><img fetchpriority=\"high\" decoding=\"async\" width=\"900\" height=\"432\" src=\"https:\/\/folhaespirita.com.br\/wp-content\/uploads\/2025\/12\/conceito_de_pensamento_criativa.jpg\" alt=\"\" class=\"wp-image-8942\" srcset=\"https:\/\/folhaespirita.com.br\/wp-content\/uploads\/2025\/12\/conceito_de_pensamento_criativa.jpg 900w, https:\/\/folhaespirita.com.br\/wp-content\/uploads\/2025\/12\/conceito_de_pensamento_criativa-300x144.jpg 300w, https:\/\/folhaespirita.com.br\/wp-content\/uploads\/2025\/12\/conceito_de_pensamento_criativa-768x369.jpg 768w, https:\/\/folhaespirita.com.br\/wp-content\/uploads\/2025\/12\/conceito_de_pensamento_criativa-600x288.jpg 600w\" sizes=\"(max-width: 900px) 100vw, 900px\" \/><\/figure>\n\n\n\n<p>Vivemos em uma sociedade marcada por constantes desafios morais, culturais e espirituais. Em meio a tantas mudan\u00e7as, inquieta\u00e7\u00f5es e buscas por respostas, \u00e9 necess\u00e1rio voltar o olhar para as ra\u00edzes profundas que sustentam o verdadeiro progresso humano: o cultivo do pensamento elevado e a promo\u00e7\u00e3o da consci\u00eancia coletiva. N\u00e3o se trata de uma proposta abstrata ou idealista, mas, sim, de uma realidade j\u00e1 comprovada pela ci\u00eancia e pela experi\u00eancia espiritual, capaz de transformar vidas e destinos.<\/p>\n\n\n\n<p>A pesquisa conduzida por Dillbeck e Cavanaugh (2016) trouxe \u00e0 tona evid\u00eancias robustas sobre a influ\u00eancia do pensamento e da inten\u00e7\u00e3o coletiva na redu\u00e7\u00e3o da viol\u00eancia e no aprimoramento social. No estudo, os autores analisaram dados de 206 cidades dos Estados Unidos, entre 2002 e 2010, e verificaram que a pr\u00e1tica grupal da Medita\u00e7\u00e3o Transcendental e do programa avan\u00e7ado TM-Sidhi\u00ae foi capaz de promover uma queda significativa nas taxas de homic\u00eddio e crimes violentos.<\/p>\n\n\n\n<p>Quando o n\u00famero de praticantes atingiu o ponto cr\u00edtico \u2013 cerca de \u221a1% da popula\u00e7\u00e3o americana \u2013, observou-se uma redu\u00e7\u00e3o de 21% no \u00edndice nacional de homic\u00eddios e de 18,5% nos crimes violentos nas grandes cidades. Esses resultados n\u00e3o s\u00e3o apenas estat\u00edsticas frias, uma vez que revelam que existe uma for\u00e7a sutil, mas poderosa, que atua no campo invis\u00edvel das rela\u00e7\u00f5es humanas: a influ\u00eancia do pensamento coletivo.<\/p>\n\n\n\n<p>O estudo aponta que o impacto positivo sobre a consci\u00eancia coletiva \u00e9 mensur\u00e1vel, replic\u00e1vel e independe de vari\u00e1veis econ\u00f4micas ou demogr\u00e1ficas. O que est\u00e1 em jogo \u00e9 a qualidade do pensamento que circula entre os indiv\u00edduos, capaz de criar ambientes mais harm\u00f4nicos, menos propensos \u00e0 viol\u00eancia e \u00e0 hostilidade.<\/p>\n\n\n\n<p>Emmanuel, no livro <em>Pensamento e vida<\/em>, aprofunda essa compreens\u00e3o ao revelar que \u201cA mente \u00e9 o espelho da vida em toda parte. Ergue-se na Terra para Deus, sob a \u00e9gide do Cristo, \u00e0 fei\u00e7\u00e3o do diamante bruto, que, arrancado ao ventre obscuro do solo, avan\u00e7a, com a orienta\u00e7\u00e3o do lapid\u00e1rio, para a magnific\u00eancia da luz. [&#8230;]Definindo-a por espelho da vida, reconhecemos que o cora\u00e7\u00e3o lhe \u00e9 a face e que o c\u00e9rebro \u00e9 o centro de suas ondula\u00e7\u00f5es, gerando a for\u00e7a do pensamento que tudo move, criando e transformando, destruindo e refazendo para acrisolar e sublimar\u201d.<\/p>\n\n\n\n<p>Emmanuel n\u00e3o apenas descreve o pensamento como for\u00e7a criadora, mas tamb\u00e9m alerta para a responsabilidade individual e coletiva: \u201cEm todos os dom\u00ednios do Universo vibra, pois, a influ\u00eancia rec\u00edproca. Tudo se desloca e renova sob os princ\u00edpios de interdepend\u00eancia e repercuss\u00e3o. [&#8230;] Respiramos no mundo das imagens que projetamos e recebemos. Por elas, estacionamos sob a fascina\u00e7\u00e3o dos elementos que provisoriamente nos escravizam e, por meio delas, incorporamos o influxo renovador dos poderes que nos induzem \u00e0 purifica\u00e7\u00e3o e ao progresso\u201d.<\/p>\n\n\n\n<p class=\"has-luminous-vivid-orange-color has-text-color has-link-color wp-elements-febe0ff5ceb91540816a756d74927c3e\" style=\"font-size:20px\"><strong>\u201cA vontade \u00e9 a ger\u00eancia esclarecida e vigilante, governando todos os setores da a\u00e7\u00e3o mental. [&#8230;] Para considerar-lhe a import\u00e2ncia, basta lembrar que ela \u00e9 o leme de todos os tipos de for\u00e7a incorporados ao nosso conhecimento\u201d (Emmanuel).<\/strong><\/p>\n\n\n\n<figure class=\"wp-block-image size-full\"><img decoding=\"async\" width=\"765\" height=\"510\" src=\"https:\/\/folhaespirita.com.br\/wp-content\/uploads\/2025\/12\/Conceito_de_tecnologia_da_comunicacao_e_saude_mental.jpg\" alt=\"\" class=\"wp-image-8944\" srcset=\"https:\/\/folhaespirita.com.br\/wp-content\/uploads\/2025\/12\/Conceito_de_tecnologia_da_comunicacao_e_saude_mental.jpg 765w, https:\/\/folhaespirita.com.br\/wp-content\/uploads\/2025\/12\/Conceito_de_tecnologia_da_comunicacao_e_saude_mental-300x200.jpg 300w, https:\/\/folhaespirita.com.br\/wp-content\/uploads\/2025\/12\/Conceito_de_tecnologia_da_comunicacao_e_saude_mental-600x400.jpg 600w\" sizes=\"(max-width: 765px) 100vw, 765px\" \/><\/figure>\n\n\n\n<h4 class=\"wp-block-heading\">Energia viva que influencia destinos<\/h4>\n\n\n\n<p>Ao correlacionarmos a pesquisa cient\u00edfica com os ensinamentos espirituais, percebemos que ambos convergem para uma mesma verdade: o pensamento \u00e9 energia viva, capaz de influenciar n\u00e3o apenas o destino individual, mas tamb\u00e9m o coletivo. Quando nos unimos em torno de prop\u00f3sitos elevados, como a busca pela paz, o respeito m\u00fatuo e a promo\u00e7\u00e3o do bem, criamos ondas de harmonia que reverberam em toda a sociedade.<\/p>\n\n\n\n<p>A pesquisa de Dillbeck e Cavanaugh (2016) destaca que a pr\u00e1tica regular da medita\u00e7\u00e3o, especialmente em grupos, potencializa esse efeito. O experimento comprovou que, ao reunir um n\u00famero suficiente de pessoas dedicadas \u00e0 inten\u00e7\u00e3o pac\u00edfica e harmonizadora, \u00e9 poss\u00edvel alterar padr\u00f5es sociais profundamente enraizados, reduzindo significativamente \u00edndices de viol\u00eancia. Trata-se de uma interven\u00e7\u00e3o que age no campo sutil da consci\u00eancia, mas que produz resultados concretos e mensur\u00e1veis.<\/p>\n\n\n\n<p>Emmanuel, por sua vez, nos convida \u00e0 reflex\u00e3o sobre o papel da vontade na condu\u00e7\u00e3o do pensamento. No cap\u00edtulo \u201cVontade\u201d, ele compara a mente humana a um grande escrit\u00f3rio, no qual diversos departamentos operam, mas \u00e9 a vontade que governa todos os setores da a\u00e7\u00e3o mental: \u201cA vontade \u00e9 a ger\u00eancia esclarecida e vigilante, governando todos os setores da a\u00e7\u00e3o mental. [&#8230;] Para considerar-lhe a import\u00e2ncia, basta lembrar que ela \u00e9 o leme de todos os tipos de for\u00e7a incorporados ao nosso conhecimento. [&#8230;] S\u00f3 a vontade \u00e9 suficientemente forte para sustentar a harmonia do Esp\u00edrito\u201d.<\/p>\n\n\n\n<p>Dessa forma, compreendemos que o pensamento, por si s\u00f3, precisa ser direcionado pela vontade consciente, para que se converta em for\u00e7a construtiva e libertadora. O cultivo do pensamento elevado, aliado \u00e0 inten\u00e7\u00e3o firme de promover o bem, transforma o indiv\u00edduo e, por consequ\u00eancia, a coletividade.<\/p>\n\n\n\n<p>O estudo cient\u00edfico e o ensinamento espiritual se encontram tamb\u00e9m na valoriza\u00e7\u00e3o da coopera\u00e7\u00e3o. Emmanuel afirma: \u201cA coopera\u00e7\u00e3o espont\u00e2nea \u00e9 o supremo ingrediente da ordem. Da Gl\u00f3ria Divina \u00e0s balizas subat\u00f4micas, o Universo pode ser definido como sendo uma cadeia de vidas que se entrosam na Grande Vida. Coopera\u00e7\u00e3o significa obedi\u00eancia construtiva aos impositivos da frente e socorro impl\u00edcito \u00e0s priva\u00e7\u00f5es da retaguarda. Quem ajuda \u00e9 ajudado, encontrando, em sil\u00eancio, a mais segura f\u00f3rmula de ajuste aos processos da evolu\u00e7\u00e3o\u201d.<\/p>\n\n\n\n<p>A pesquisa de Dillbeck e Cavanaugh refor\u00e7a esse princ\u00edpio: foi a uni\u00e3o de pessoas em torno de um prop\u00f3sito comum \u2013 a pr\u00e1tica coletiva da medita\u00e7\u00e3o pela paz \u2013 que gerou o impacto positivo observado. A coopera\u00e7\u00e3o, portanto, n\u00e3o \u00e9 apenas um valor \u00e9tico, mas uma for\u00e7a ativa na transforma\u00e7\u00e3o social.<\/p>\n\n\n\n<p>Outro ponto de converg\u00eancia est\u00e1 na educa\u00e7\u00e3o do pensamento. Emmanuel ensina: \u201cJ\u00e1 se disse que duas asas conduzir\u00e3o o Esp\u00edrito humano \u00e0 presen\u00e7a de Deus. Uma chama-se amor, a outra, sabedoria. Pelo amor, que, acima de tudo, \u00e9 servi\u00e7o aos semelhantes, a criatura se ilumina e aformoseia por dentro, emitindo, em favor dos outros, o reflexo de suas pr\u00f3prias virtudes; e, pela sabedoria, que come\u00e7a na aquisi\u00e7\u00e3o do conhecimento, recolhe a influ\u00eancia dos vanguardeiros do progresso, que lhe comunicam os reflexos da pr\u00f3pria grandeza, impelindo-a para o Alto\u201d.<\/p>\n\n\n\n<p>O estudo cient\u00edfico confirma que o conhecimento e a pr\u00e1tica consciente s\u00e3o fundamentais para a mudan\u00e7a de padr\u00f5es coletivos. N\u00e3o basta desejar a paz; \u00e9 preciso cultiv\u00e1-la diariamente, com a\u00e7\u00f5es concretas, pensamentos elevados e atitudes colaborativas.<\/p>\n\n\n\n<p>A f\u00e9, segundo Emmanuel, \u00e9 outro elemento indispens\u00e1vel: \u201cPara encontrar o bem e assimilar-lhe a luz, n\u00e3o basta admitir-lhe a exist\u00eancia. \u00c9 indispens\u00e1vel busc\u00e1-lo com perseveran\u00e7a e fervor\u201d. A pesquisa mostra que a inten\u00e7\u00e3o coletiva, quando sustentada pela f\u00e9 e pela confian\u00e7a no poder do bem, produz resultados tang\u00edveis. A f\u00e9 n\u00e3o \u00e9 apenas cren\u00e7a, mas energia ativa que move o pensamento e transforma realidades.<\/p>\n\n\n\n<p>Por fim, Emmanuel nos lembra: \u201cPensamento, eletricidade e magnetismo conjugam-se em todas as manifesta\u00e7\u00f5es da Vida Universal, criando gravita\u00e7\u00e3o e afinidade, assimila\u00e7\u00e3o e desassimila\u00e7\u00e3o, nos campos m\u00faltiplos da forma que servem \u00e0 romagem do Esp\u00edrito para as Metas Supremas, tra\u00e7adas pelo Plano Divino\u201d. Ao compreender que o pensamento \u00e9 for\u00e7a eletromagn\u00e9tica, que se propaga e interage em todos os n\u00edveis do Universo, somos chamados \u00e0 responsabilidade de orientar essa energia para fins elevados. O estudo de Dillbeck e Cavanaugh demonstra, com dados concretos, que \u00e9 poss\u00edvel transformar a sociedade a partir da mudan\u00e7a do pensamento coletivo.<\/p>\n\n\n\n<p>Estamos, portanto, diante de uma oportunidade \u00edmpar. Em tempos de crise, polariza\u00e7\u00e3o e incerteza, cabe a cada um de n\u00f3s assumir o compromisso de cultivar pensamentos elevados, unir-se a prop\u00f3sitos construtivos e cooperar para a constru\u00e7\u00e3o de uma sociedade mais justa, pac\u00edfica e fraterna. O futuro depende da qualidade do pensamento que projetamos e recebemos e da disposi\u00e7\u00e3o para agir em sintonia com os princ\u00edpios superiores que nos orientam a rota.<\/p>\n\n\n\n<p>Que possamos, inspirados pela ci\u00eancia e pela espiritualidade, fazer do pensamento e da consci\u00eancia coletiva instrumentos de transforma\u00e7\u00e3o, promovendo a paz, o respeito e o progresso verdadeiro. O nosso compromisso, hoje e sempre, deve ser com a vida, com o bem e com a constru\u00e7\u00e3o de um mundo melhor para todos.<\/p>\n\n\n\n<h2 class=\"wp-block-heading\">Refer\u00eancias<\/h2>\n\n\n\n<p class=\"has-small-font-size\">DILLBECK, Michael C.; CAVANAUGH, Kenneth L. Societal Violence and Collective Consciousness: Reduction of U.S. Homicide and Urban Violent Crime Rates. <strong>SAGE Open<\/strong>, v. 6, n. 2, 2016. Doi: <a href=\"https:\/\/doi.org\/10.1177\/2158244016637891\">https:\/\/doi.org\/10.1177\/2158244016637891<\/a>.<\/p>\n\n\n\n<p class=\"has-small-font-size\"><a><\/a><a>EMMANUEL (Esp\u00edrito). <strong>Pensamento e vida. <\/strong>Psicografado por Francisco C\u00e2ndido Xavier. <\/a>19. ed. Bras\u00edlia, DF: FEB, 2013.<\/p>\n","protected":false},"excerpt":{"rendered":"<p>Vivemos em uma sociedade marcada por constantes desafios morais, culturais e espirituais. Em meio a tantas mudan\u00e7as, inquieta\u00e7\u00f5es e buscas por respostas, \u00e9 necess\u00e1rio voltar o olhar para as ra\u00edzes profundas que sustentam o verdadeiro progresso humano: o cultivo do pensamento elevado e a promo\u00e7\u00e3o da consci\u00eancia coletiva. N\u00e3o se trata de uma proposta abstrata [&hellip;]<\/p>\n","protected":false},"author":9,"featured_media":8945,"comment_status":"open","ping_status":"open","sticky":false,"template":"","format":"standard","meta":{"_acf_changed":false,"footnotes":""},"categories":[11],"tags":[],"edicoes":[655],"class_list":["post-8912","post","type-post","status-publish","format-standard","has-post-thumbnail","hentry","category-atualidade","edicoes-655"],"acf":[],"_links":{"self":[{"href":"https:\/\/folhaespirita.com.br\/es\/wp-json\/wp\/v2\/posts\/8912","targetHints":{"allow":["GET"]}}],"collection":[{"href":"https:\/\/folhaespirita.com.br\/es\/wp-json\/wp\/v2\/posts"}],"about":[{"href":"https:\/\/folhaespirita.com.br\/es\/wp-json\/wp\/v2\/types\/post"}],"author":[{"embeddable":true,"href":"https:\/\/folhaespirita.com.br\/es\/wp-json\/wp\/v2\/users\/9"}],"replies":[{"embeddable":true,"href":"https:\/\/folhaespirita.com.br\/es\/wp-json\/wp\/v2\/comments?post=8912"}],"version-history":[{"count":2,"href":"https:\/\/folhaespirita.com.br\/es\/wp-json\/wp\/v2\/posts\/8912\/revisions"}],"predecessor-version":[{"id":8946,"href":"https:\/\/folhaespirita.com.br\/es\/wp-json\/wp\/v2\/posts\/8912\/revisions\/8946"}],"wp:featuredmedia":[{"embeddable":true,"href":"https:\/\/folhaespirita.com.br\/es\/wp-json\/wp\/v2\/media\/8945"}],"wp:attachment":[{"href":"https:\/\/folhaespirita.com.br\/es\/wp-json\/wp\/v2\/media?parent=8912"}],"wp:term":[{"taxonomy":"category","embeddable":true,"href":"https:\/\/folhaespirita.com.br\/es\/wp-json\/wp\/v2\/categories?post=8912"},{"taxonomy":"post_tag","embeddable":true,"href":"https:\/\/folhaespirita.com.br\/es\/wp-json\/wp\/v2\/tags?post=8912"},{"taxonomy":"edicoes","embeddable":true,"href":"https:\/\/folhaespirita.com.br\/es\/wp-json\/wp\/v2\/edicoes?post=8912"}],"curies":[{"name":"wp","href":"https:\/\/api.w.org\/{rel}","templated":true}]}}