{"id":8919,"date":"2025-12-08T00:34:28","date_gmt":"2025-12-08T03:34:28","guid":{"rendered":"https:\/\/folhaespirita.com.br.br\/jornal\/?p=8919"},"modified":"2026-01-23T20:46:12","modified_gmt":"2026-01-23T23:46:12","slug":"fim-de-ano-escolhas-para-a-paz-e-o-pertencimento","status":"publish","type":"post","link":"https:\/\/folhaespirita.com.br\/es\/2025\/12\/08\/fim-de-ano-escolhas-para-a-paz-e-o-pertencimento\/","title":{"rendered":"Fin de a\u00f1o: opciones de paz y pertenencia"},"content":{"rendered":"<figure class=\"wp-block-image size-full\"><img fetchpriority=\"high\" decoding=\"async\" width=\"797\" height=\"449\" src=\"https:\/\/folhaespirita.com.br\/wp-content\/uploads\/2025\/12\/planejamento-futuro.jpg\" alt=\"\" class=\"wp-image-8930\" srcset=\"https:\/\/folhaespirita.com.br\/wp-content\/uploads\/2025\/12\/planejamento-futuro.jpg 797w, https:\/\/folhaespirita.com.br\/wp-content\/uploads\/2025\/12\/planejamento-futuro-300x169.jpg 300w, https:\/\/folhaespirita.com.br\/wp-content\/uploads\/2025\/12\/planejamento-futuro-768x433.jpg 768w, https:\/\/folhaespirita.com.br\/wp-content\/uploads\/2025\/12\/planejamento-futuro-600x338.jpg 600w\" sizes=\"(max-width: 797px) 100vw, 797px\" \/><\/figure>\n\n\n\n<p>El a\u00f1o llega a su fin en medio de la inquietud y la incertidumbre. Las noticias sobre la escalada de los conflictos, las amenazas de guerra y la polarizaci\u00f3n cruzan fronteras y hogares, tratando de ocupar el espacio de la esperanza con el miedo. Aun con este tel\u00f3n de fondo, debemos reafirmarnos: hay caminos concretos hacia un nuevo ciclo, y dependen de elecciones conscientes, actitudes activas y el valor de no rendirse a la fatalidad. Este n\u00famero es una invitaci\u00f3n a la reflexi\u00f3n y a la transformaci\u00f3n. M\u00e1s que registrar hechos, ofrece una mirada en profundidad sobre dos temas que atraviesan el momento actual y apuntan a soluciones reales y accesibles, capaces de renovar la vida personal y colectiva.<\/p>\n\n\n\n<p>El primer art\u00edculo destacado es \u201cEl poder del pensamiento, la conciencia colectiva y la construcci\u00f3n de la paz\u201d. Bas\u00e1ndose en s\u00f3lidas investigaciones cient\u00edficas, nos presenta el poder del pensamiento colectivo y la meditaci\u00f3n en grupo como herramientas reales para reducir la violencia y promover entornos m\u00e1s armoniosos. No es teor\u00eda vac\u00eda: son datos que demuestran que la calidad del pensamiento que circula entre nosotros puede transformar ciudades, comunidades y destinos. Emmanuel, en el libro <em>Pensamiento y vida<\/em>, En su libro \u201cLa Mente\u201d, destaca que \"la mente es el espejo de la vida en todas partes\" y que el pensamiento es energ\u00eda viva, capaz de crear, transformar y renovar. El texto nos invita a asumir el compromiso de cultivar pensamientos elevados, dirigidos por la voluntad consciente, actuando en cooperaci\u00f3n para que la paz sea una construcci\u00f3n cotidiana y no un deseo lejano.<\/p>\n\n\n\n<p>El segundo art\u00edculo destacado es \u201cLoneliness enters the global health agenda and gains spiritual translation\u201d. La soledad, antes considerada una molestia \u00edntima, se reconoce ahora como un reto de salud p\u00fablica mundial. Seg\u00fan un informe de la Organizaci\u00f3n Mundial de la Salud (OMS), una de cada seis personas vive en un estado persistente de soledad, con repercusiones directas en la salud f\u00edsica y mental e incluso en la longevidad. El texto profundiza en el fen\u00f3meno, destacando que la soledad, adem\u00e1s de ser la ausencia de compa\u00f1\u00eda, es una p\u00e9rdida de pertenencia, un desajuste afectivo y espiritual. Los j\u00f3venes, los ancianos y los grupos vulnerables son los m\u00e1s afectados, y la hiperconexi\u00f3n digital no ha hecho m\u00e1s que ampliar el vac\u00edo. La perspectiva espiritista, presente en el an\u00e1lisis, ampl\u00eda el concepto de conexi\u00f3n social m\u00e1s all\u00e1 del contacto f\u00edsico, record\u00e1ndonos que la pertenencia es una misi\u00f3n, una historia, un v\u00ednculo que atraviesa las existencias. Emmanuel nos recuerda que la vida comunitaria es una ley de cooperaci\u00f3n y el fundamento del progreso moral.<\/p>\n\n\n\n<p>Ambos textos apuntan a una verdad com\u00fan: el futuro no est\u00e1 escrito en las amenazas del presente, sino en las decisiones que tomamos ahora. El a\u00f1o ha terminado, pero el nuevo ciclo exige una actitud activa, responsable y comprometida con la paz y la pertenencia. No debemos temer lo que est\u00e1 por venir. Por el contrario, debemos crear espacios de reflexi\u00f3n, convivencia y acci\u00f3n, donde se cultiven el pensamiento elevado y los v\u00ednculos significativos como semillas de un mundo mejor.<\/p>\n\n\n\n<p>Este mes celebramos la Navidad, tiempo de renovaci\u00f3n, esperanza y redescubrimiento de los valores m\u00e1s profundos del Esp\u00edritu. Recordamos el nacimiento de Jes\u00fas, el mayor s\u00edmbolo de amor, fraternidad y paz. Cristo vino al mundo para ense\u00f1arnos que la verdadera transformaci\u00f3n comienza en el coraz\u00f3n, en el pensamiento y en la acci\u00f3n cotidiana. Que, inspirados por este ejemplo, hagamos del nuevo a\u00f1o un tiempo de opciones conscientes, de cooperaci\u00f3n y de construcci\u00f3n de v\u00ednculos verdaderos.<\/p>\n\n\n\n<p>En <em>Hoja de Esp\u00edritu<\/em> desea a todos una Feliz Navidad, llena de luz y armon\u00eda, y un A\u00f1o Nuevo de coraje, esperanza y paz. Que cada texto de este n\u00famero sea una fuente de inspiraci\u00f3n para que, al cerrar otro cap\u00edtulo de nuestra historia, podamos abrir las puertas a un nuevo ciclo de plenitud, en el que el pensamiento elevado y la pertenencia sean la base de una vida m\u00e1s plena y significativa.<\/p>\n\n\n\n<p>La paz y la pertenencia no son logros individuales: son tareas colectivas que comienzan en el interior de cada persona y se extienden a toda la sociedad. Que el esp\u00edritu de la Navidad nos ilumine y nos fortalezca para los retos y las alegr\u00edas del pr\u00f3ximo a\u00f1o.<\/p>\n\n\n\n<p>Feliz lectura y mis mejores deseos de Feliz Navidad y A\u00f1o Nuevo.<\/p>","protected":false},"excerpt":{"rendered":"<p>O ano se despede em meio a inquieta\u00e7\u00f5es e incertezas. Not\u00edcias de escaladas de conflitos, amea\u00e7as de guerra e polariza\u00e7\u00f5es atravessam fronteiras e lares, tentando ocupar o espa\u00e7o da esperan\u00e7a com o medo. Mesmo diante desse cen\u00e1rio, \u00e9 preciso reafirmar: h\u00e1 caminhos concretos para um novo ciclo, e eles dependem de escolhas conscientes, de atitudes [&hellip;]<\/p>\n","protected":false},"author":3,"featured_media":8932,"comment_status":"open","ping_status":"open","sticky":false,"template":"","format":"standard","meta":{"_acf_changed":false,"footnotes":""},"categories":[22],"tags":[],"edicoes":[655],"class_list":["post-8919","post","type-post","status-publish","format-standard","has-post-thumbnail","hentry","category-editorial","edicoes-655"],"acf":[],"_links":{"self":[{"href":"https:\/\/folhaespirita.com.br\/es\/wp-json\/wp\/v2\/posts\/8919","targetHints":{"allow":["GET"]}}],"collection":[{"href":"https:\/\/folhaespirita.com.br\/es\/wp-json\/wp\/v2\/posts"}],"about":[{"href":"https:\/\/folhaespirita.com.br\/es\/wp-json\/wp\/v2\/types\/post"}],"author":[{"embeddable":true,"href":"https:\/\/folhaespirita.com.br\/es\/wp-json\/wp\/v2\/users\/3"}],"replies":[{"embeddable":true,"href":"https:\/\/folhaespirita.com.br\/es\/wp-json\/wp\/v2\/comments?post=8919"}],"version-history":[{"count":2,"href":"https:\/\/folhaespirita.com.br\/es\/wp-json\/wp\/v2\/posts\/8919\/revisions"}],"predecessor-version":[{"id":8933,"href":"https:\/\/folhaespirita.com.br\/es\/wp-json\/wp\/v2\/posts\/8919\/revisions\/8933"}],"wp:featuredmedia":[{"embeddable":true,"href":"https:\/\/folhaespirita.com.br\/es\/wp-json\/wp\/v2\/media\/8932"}],"wp:attachment":[{"href":"https:\/\/folhaespirita.com.br\/es\/wp-json\/wp\/v2\/media?parent=8919"}],"wp:term":[{"taxonomy":"category","embeddable":true,"href":"https:\/\/folhaespirita.com.br\/es\/wp-json\/wp\/v2\/categories?post=8919"},{"taxonomy":"post_tag","embeddable":true,"href":"https:\/\/folhaespirita.com.br\/es\/wp-json\/wp\/v2\/tags?post=8919"},{"taxonomy":"edicoes","embeddable":true,"href":"https:\/\/folhaespirita.com.br\/es\/wp-json\/wp\/v2\/edicoes?post=8919"}],"curies":[{"name":"wp","href":"https:\/\/api.w.org\/{rel}","templated":true}]}}