{"id":2528,"date":"2021-11-04T13:52:07","date_gmt":"2021-11-04T16:52:07","guid":{"rendered":"https:\/\/folhaespirita.com.br.br\/jornal\/?p=2528"},"modified":"2026-01-23T20:17:17","modified_gmt":"2026-01-23T23:17:17","slug":"cop-26-um-chamado-a-cada-um-de-nos-contra-o-materialismo","status":"publish","type":"post","link":"https:\/\/folhaespirita.com.br\/fr\/2021\/11\/04\/cop-26-um-chamado-a-cada-um-de-nos-contra-o-materialismo\/","title":{"rendered":"Cop 26: um chamado a cada um de n\u00f3s contra o materialismo"},"content":{"rendered":"<p>Ao concluirmos a edi\u00e7\u00e3o de novembro, sentimos uma grande alegria, pois ela est\u00e1 totalmente focada na <a href=\"https:\/\/folhaespirita.com.br\/fr\/cop-26-jovens-cobram-acoes-concretas-contra-as-mudancas-climaticas\/\" target=\"_blank\" rel=\"noreferrer noopener\">Cop 26, a Confer\u00eancia das Na\u00e7\u00f5es Unidas sobre Mudan\u00e7a do Clima de 2021,<\/a> que acontece at\u00e9 12 de novembro na cidade de Glasgow, na Esc\u00f3cia. A colet\u00e2nea de artigos e entrevistas sobre o assunto \u00e9 muito rica e fundamental para que possamos refletir a import\u00e2ncia deste momento.<\/p>\n\n\n\n<p>Ao dedicar uma edi\u00e7\u00e3o inteira para o tema, refor\u00e7amos os princ\u00edpios cunhados pelo nosso fundador, Freitas Nobre, que em nossa primeira edi\u00e7\u00e3o destacou: \u201cA <em>Feuille d'esprit<\/em> pretende ser o ve\u00edculo de divulga\u00e7\u00e3o das atividades esp\u00edritas em nosso Pa\u00eds, <strong>sintetizando tamb\u00e9m os acontecimentos <\/strong><strong>i<\/strong><strong>nternacionais que<\/strong><strong> interessam \u00e0 D<\/strong><strong>outrina ou dando a interpreta\u00e7\u00e3o para os fatos diversos com <\/strong><strong>a proje\u00e7\u00e3o explicativa do <\/strong><strong>Espiritismo \u00e0 hist\u00f3ria contempor\u00e2nea<\/strong>\u201d.<\/p>\n\n\n\n<p>\u00c9 fundamental que estejamos conscientes de que o nosso progresso moral tamb\u00e9m deve nos proporcionar uma capacidade de vivermos em harmonia, em todos os sentidos. Quer dizer, com nossa pr\u00f3pria esp\u00e9cie, com outras esp\u00e9cies e com o planeta que habitamos. A harmonia, por sua vez, \u00e9 imposs\u00edvel de ser conquistada quando temos o predom\u00ednio do ego\u00edsmo. Ao longo de s\u00e9culos, temos nos preocupado com n\u00f3s mesmos, desprezado oportunidades de repensarmos a vida de forma mais equilibrada. A cultura do bem-estar pr\u00f3prio e do consumismo nos deixa cegos diante da necessidade de abdicarmos de algo em favor desse equil\u00edbrio, ou seja, o ego\u00edsmo em sua forma mais primitiva, buscar o que queremos, a hora que desejarmos, sem levar em conta absolutamente nada.<\/p>\n\n\n\n<h2 class=\"wp-block-heading\" id=\"h-o-livro-dos-esp-ritos-traz-a-resposta\"><strong>O Livro dos Esp\u00edritos traz a resposta<\/strong><\/h2>\n\n\n\n<p>Na quest\u00e3o n. 917 de <em>O livro dos Esp\u00edritos,<\/em> temos a resposta dos Esp\u00edritos \u00e0 pergunta de Kardec: \u201cQual o meio de destruir-se o ego\u00edsmo?\u201d E segue a resposta: \u201cO ego\u00edsmo se enfraquecer\u00e1 \u00e0 propor\u00e7\u00e3o que a vida moral for predominante sobre a vida material e, sobretudo, com a compreens\u00e3o, que o Espiritismo vos faculta, do vosso estado futuro, real e n\u00e3o desfigurado por fic\u00e7\u00f5es aleg\u00f3ricas. <strong>Quando, bem compreendido,<\/strong><strong> se houver identificado com os costumes e as cren\u00e7as, o Espiritismo transformar\u00e1 os h\u00e1bitos, os usos, as rela\u00e7\u00f5es sociais&#8230;\u201d<\/strong><\/p>\n\n\n\n<blockquote class=\"wp-block-quote is-style-large is-layout-flow wp-block-quote-is-layout-flow\"><p><strong><span class=\"has-inline-color has-vivid-cyan-blue-color\">A Cop 26 n\u00e3o deve ser um chamado apenas para os l\u00edderes, mas, sim, para a humanidade de forma coletiva, e principalmente individual. Devemos nos questionar se realmente estamos fazendo nossa parte para<\/span> <span class=\"has-inline-color has-vivid-cyan-blue-color\">combater o materialismo e se estamos vivenciando a Doutrina Esp\u00edrita em sua plenitude. Se assim fizermos, dia chegar\u00e1 em que viveremos em harmonia.<\/span><\/strong><\/p><\/blockquote>\n\n\n\n<p>Temos assim, em nossas m\u00e3os, a Doutrina Esp\u00edrita como ferramenta para vencermos o ego\u00edsmo e \u201cTransformarmos nossos h\u00e1bitos\u201d. E o que est\u00e1 em jogo agora \u00e9 a sobreviv\u00eancia de nossa pr\u00f3pria esp\u00e9cie, que em um planeta exaurido de recursos se tornar\u00e1 invi\u00e1vel. Temos nas li\u00e7\u00f5es do Cristo e no advento do Espiritismo um roteiro seguro para seguirmos. Discutir as a\u00e7\u00f5es ambientais, pensar na ind\u00fastria verde, repensar o consumo, entre outras coisas, devem ser nossa meta de progresso, porque com este poderemos continuar a existir.<\/p>\n\n\n\n<p>Na quest\u00e3o n. 799, em que Kardec pergunta como o Espiritismo pode contribuir para o progresso, temos com clareza a afirma\u00e7\u00e3o dos Esp\u00edritos: \u201cDestruindo o materialismo, que \u00e9 uma das chagas da sociedade, ele faz que os homens compreendam onde se encontram seus verdadeiros interesses. Deixando a vida futura de estar velada pela d\u00favida, o homem perceber\u00e1 melhor que, por meio do presente, lhe \u00e9 dado preparar o seu futuro. Abolindo os preju\u00edzos de seitas, castas e cores, ensina aos homens a grande solidariedade que os h\u00e1 de unir como irm\u00e3os\u201d.<\/p>\n\n\n\n<p><a href=\"https:\/\/folhaespirita.com.br\/fr\/andre-trigueiro-fala-sobre-consumo-consciente-o-caminho-para-a-nossa-sobrevivencia\/\" target=\"_blank\" rel=\"noreferrer noopener\">A Cop 26 n\u00e3o deve ser um chamado apenas para os l\u00edderes, mas, sim, para a humanidade de forma coletiva, e principalmente individual. <\/a>Devemos nos questionar se realmente estamos fazendo nossa parte para combater o materialismo e se estamos vivenciando a Doutrina Esp\u00edrita em sua plenitude. Se assim fizermos, dia chegar\u00e1 em que viveremos em harmonia.<\/p>\n\n\n\n<figure class=\"wp-block-embed is-type-rich is-provider-spotify wp-block-embed-spotify wp-embed-aspect-21-9 wp-has-aspect-ratio\"><div class=\"wp-block-embed__wrapper\">\n<iframe title=\"Spotify Embed : 114 - L&#039;\u00e9ducation pour l&#039;inclusion - une \u00e9volution pour tous\" style=\"border-radius: 12px\" width=\"100%\" height=\"152\" frameborder=\"0\" allowfullscreen allow=\"autoplay; clipboard-write; encrypted-media; fullscreen; picture-in-picture\" loading=\"lazy\" src=\"https:\/\/open.spotify.com\/embed\/episode\/6QuuHsuqI8rq8sqsmiyLjW?si=d9940f8dd84d46f0&amp;utm_source=oembed\"><\/iframe>\n<\/div><\/figure>","protected":false},"excerpt":{"rendered":"<p>A Cop 26 n\u00e3o deve ser um chamado apenas para os l\u00edderes, mas, sim, para a humanidade de forma coletiva, e principalmente individual. Devemos nos questionar se realmente estamos fazendo nossa parte para combater o materialismo e se estamos vivenciando a Doutrina Esp\u00edrita em sua plenitude. Se assim fizermos, dia chegar\u00e1 em que viveremos em harmonia.<\/p>","protected":false},"author":3,"featured_media":2529,"comment_status":"open","ping_status":"open","sticky":false,"template":"","format":"standard","meta":{"_acf_changed":false,"footnotes":""},"categories":[22],"tags":[],"edicoes":[481],"class_list":["post-2528","post","type-post","status-publish","format-standard","has-post-thumbnail","hentry","category-editorial","edicoes-572-2"],"acf":[],"_links":{"self":[{"href":"https:\/\/folhaespirita.com.br\/fr\/wp-json\/wp\/v2\/posts\/2528","targetHints":{"allow":["GET"]}}],"collection":[{"href":"https:\/\/folhaespirita.com.br\/fr\/wp-json\/wp\/v2\/posts"}],"about":[{"href":"https:\/\/folhaespirita.com.br\/fr\/wp-json\/wp\/v2\/types\/post"}],"author":[{"embeddable":true,"href":"https:\/\/folhaespirita.com.br\/fr\/wp-json\/wp\/v2\/users\/3"}],"replies":[{"embeddable":true,"href":"https:\/\/folhaespirita.com.br\/fr\/wp-json\/wp\/v2\/comments?post=2528"}],"version-history":[{"count":4,"href":"https:\/\/folhaespirita.com.br\/fr\/wp-json\/wp\/v2\/posts\/2528\/revisions"}],"predecessor-version":[{"id":2564,"href":"https:\/\/folhaespirita.com.br\/fr\/wp-json\/wp\/v2\/posts\/2528\/revisions\/2564"}],"wp:featuredmedia":[{"embeddable":true,"href":"https:\/\/folhaespirita.com.br\/fr\/wp-json\/wp\/v2\/media\/2529"}],"wp:attachment":[{"href":"https:\/\/folhaespirita.com.br\/fr\/wp-json\/wp\/v2\/media?parent=2528"}],"wp:term":[{"taxonomy":"category","embeddable":true,"href":"https:\/\/folhaespirita.com.br\/fr\/wp-json\/wp\/v2\/categories?post=2528"},{"taxonomy":"post_tag","embeddable":true,"href":"https:\/\/folhaespirita.com.br\/fr\/wp-json\/wp\/v2\/tags?post=2528"},{"taxonomy":"edicoes","embeddable":true,"href":"https:\/\/folhaespirita.com.br\/fr\/wp-json\/wp\/v2\/edicoes?post=2528"}],"curies":[{"name":"wp","href":"https:\/\/api.w.org\/{rel}","templated":true}]}}