{"id":2735,"date":"2022-01-01T21:30:23","date_gmt":"2022-01-02T00:30:23","guid":{"rendered":"https:\/\/folhaespirita.com.br.br\/jornal\/?p=2735"},"modified":"2026-01-23T20:17:17","modified_gmt":"2026-01-23T23:17:17","slug":"rosas-com-amor","status":"publish","type":"post","link":"https:\/\/folhaespirita.com.br\/fr\/2022\/01\/01\/rosas-com-amor\/","title":{"rendered":"Des roses avec amour"},"content":{"rendered":"<p class=\"has-small-font-size\"><strong>Chico Xavier\/Esp\u00edritos Diversos<\/strong><\/p>\n\n\n\n<p>\u201cCaro leitor,<\/p>\n\n\n\n<p>No limiar deste livro,<\/p>\n\n\n\n<p>\u00c0 maneira de algu\u00e9m<\/p>\n\n\n\n<p>Que se incumbe da porta<\/p>\n\n\n\n<p>De um lar acolhedor,<\/p>\n\n\n\n<p>Cuja luz nos aquece e reconforta,<\/p>\n\n\n\n<p>Compete-me dizer<\/p>\n\n\n\n<p>Que os amigos do Al\u00e9m<\/p>\n\n\n\n<p>Desejam receber-te<\/p>\n\n\n\n<p>No recinto do pr\u00f3prio cora\u00e7\u00e3o&#8230;<\/p>\n\n\n\n<p>E a fim de te abra\u00e7arem,<\/p>\n\n\n\n<p>No jardim da emo\u00e7\u00e3o,<\/p>\n\n\n\n<p>Com os melhores pensamentos<\/p>\n\n\n\n<p>Que lhes tra\u00e7am a vida,<\/p>\n\n\n\n<p>na Vida Superior,<\/p>\n\n\n\n<p>Ei-los: p\u00e1gina em p\u00e1gina,<\/p>\n\n\n\n<p>E te oferecem trovas,<\/p>\n\n\n\n<p>Semelhantes \u00e0s rosas<\/p>\n\n\n\n<p>&#8211; Rosas de amor com muito amor.\u201d<\/p>\n\n\n\n<p><em>Meimei<\/em><\/p>\n\n\n\n<p class=\"has-small-font-size\">(Uberaba , 2 de setembro de 1973.)<\/p>","protected":false},"excerpt":{"rendered":"<p>Roses avec amour, psychographi\u00e9 par Francisco C\u00e2ndido Xavier. La sensibilit\u00e9 de Meimei parle de la valorisation de la vie et des opportunit\u00e9s de la Grande Vie.<\/p>","protected":false},"author":3,"featured_media":2736,"comment_status":"open","ping_status":"open","sticky":false,"template":"","format":"standard","meta":{"_acf_changed":false,"footnotes":""},"categories":[27],"tags":[],"edicoes":[487],"class_list":["post-2735","post","type-post","status-publish","format-standard","has-post-thumbnail","hentry","category-biblioteca-chico-xavier","edicoes-574-2"],"acf":[],"_links":{"self":[{"href":"https:\/\/folhaespirita.com.br\/fr\/wp-json\/wp\/v2\/posts\/2735","targetHints":{"allow":["GET"]}}],"collection":[{"href":"https:\/\/folhaespirita.com.br\/fr\/wp-json\/wp\/v2\/posts"}],"about":[{"href":"https:\/\/folhaespirita.com.br\/fr\/wp-json\/wp\/v2\/types\/post"}],"author":[{"embeddable":true,"href":"https:\/\/folhaespirita.com.br\/fr\/wp-json\/wp\/v2\/users\/3"}],"replies":[{"embeddable":true,"href":"https:\/\/folhaespirita.com.br\/fr\/wp-json\/wp\/v2\/comments?post=2735"}],"version-history":[{"count":2,"href":"https:\/\/folhaespirita.com.br\/fr\/wp-json\/wp\/v2\/posts\/2735\/revisions"}],"predecessor-version":[{"id":2779,"href":"https:\/\/folhaespirita.com.br\/fr\/wp-json\/wp\/v2\/posts\/2735\/revisions\/2779"}],"wp:featuredmedia":[{"embeddable":true,"href":"https:\/\/folhaespirita.com.br\/fr\/wp-json\/wp\/v2\/media\/2736"}],"wp:attachment":[{"href":"https:\/\/folhaespirita.com.br\/fr\/wp-json\/wp\/v2\/media?parent=2735"}],"wp:term":[{"taxonomy":"category","embeddable":true,"href":"https:\/\/folhaespirita.com.br\/fr\/wp-json\/wp\/v2\/categories?post=2735"},{"taxonomy":"post_tag","embeddable":true,"href":"https:\/\/folhaespirita.com.br\/fr\/wp-json\/wp\/v2\/tags?post=2735"},{"taxonomy":"edicoes","embeddable":true,"href":"https:\/\/folhaespirita.com.br\/fr\/wp-json\/wp\/v2\/edicoes?post=2735"}],"curies":[{"name":"wp","href":"https:\/\/api.w.org\/{rel}","templated":true}]}}