{"id":3354,"date":"2022-05-31T13:11:52","date_gmt":"2022-05-31T16:11:52","guid":{"rendered":"https:\/\/folhaespirita.com.br.br\/jornal\/?p=3354"},"modified":"2026-01-23T20:17:15","modified_gmt":"2026-01-23T23:17:15","slug":"e-o-vento-uai","status":"publish","type":"post","link":"https:\/\/folhaespirita.com.br\/fr\/2022\/05\/31\/e-o-vento-uai\/","title":{"rendered":"C'est le vent"},"content":{"rendered":"<p>Na noite de 30 de junho de 2002, este ano completando 20 anos, por volta das 19h30, em Uberaba (MG), o Brasil ganhava e perdia ao mesmo tempo. Na ocasi\u00e3o, retornava \u00e0 P\u00e1tria Espiritual o abnegado e querido m\u00e9dium mineiro Francisco C\u00e2ndido Xavier, exatamente na data em que a Sele\u00e7\u00e3o Brasileira de Futebol conquistava o pentacampeonato na Copa do Mundo, no Jap\u00e3o.<\/p>\n\n\n\n<p>Como gostar\u00edamos de lembr\u00e1-lo? Com o seu inesquec\u00edvel bom humor, e nada como uma boa hist\u00f3ria do nosso \u201cmineirim\u201d querido:<\/p>\n\n\n\n<p><em>Ah, o vento&#8230;<\/em><\/p>\n\n\n\n<p>Certa vez, uma senhora foi at\u00e9 Uberaba e l\u00e1, diante do Chico, come\u00e7ou a se queixar de que n\u00e3o conseguia nada do que precisava, mesmo trabalhando na Doutrina e orando dia e noite. Ao ouvir suas queixas, Chico lhe disse:<\/p>\n\n\n\n<p>\u2013 Quando a gente tem f\u00e9, quando confia, eles ajudam, minha filha!<\/p>\n\n\n\n<p>Uma vez, em Pedro Leopoldo, eu ensinava catecismo \u00e0s crian\u00e7as, mas um dia me proibiram. Eu ensinava catecismo para quarenta crian\u00e7as&#8230; E fui proibido porque me tornara esp\u00edrita. Fiquei em casa. Mas as crian\u00e7as queriam o tio Chico&#8230; Ent\u00e3o as fam\u00edlias levaram as crian\u00e7as l\u00e1 em casa.<\/p>\n\n\n\n<p>E eu fiquei com muita pena, porque na igreja elas tinham lanche. J\u00e1 eram duas horas e eu s\u00f3 tinha \u00e1gua e uns pedacinhos de p\u00e3o em casa. Eram quarenta crian\u00e7as&#8230; Como eu iria alimentar aquelas crian\u00e7as? Eu fiz uma prece e pedi a Deus que me ajudasse, porque elas n\u00e3o podiam ficar sem comer. Como \u00e9 que eu iria fazer?<\/p>\n\n\n\n<p>Est\u00e1vamos embaixo de uma \u00e1rvore. E, ent\u00e3o, um vento muito estranho come\u00e7ou a balan\u00e7ar as folhas da \u00e1rvore. O vento uivava entre os galhos daquela \u00e1rvore. Uma vizinha saiu e perguntou:<\/p>\n\n\n\n<p>\u2013 Chico, que \u00e9 isso? Que barulho \u00e9 esse?<\/p>\n\n\n\n<p>\u2013 O vento&#8230;<\/p>\n\n\n\n<p>\u2013 O vento?!&#8230; E essas crian\u00e7as a\u00ed?<\/p>\n\n\n\n<p>\u2013 Catecismo!&#8230;<\/p>\n\n\n\n<p>\u2013 Voc\u00ea n\u00e3o deu nada para elas comerem?<\/p>\n\n\n\n<p>\u2013 N\u00e3o tenho!&#8230;<\/p>\n\n\n\n<p>\u2013 Oh, Chico! Eu tenho, aqui, bolo e p\u00e3o.<\/p>\n\n\n\n<p>E a outra vizinha do lado tamb\u00e9m apareceu e perguntou:<\/p>\n\n\n\n<p>\u2013 O que foi isso, Chico? Que vento foi esse?<\/p>\n\n\n\n<p>\u2013 O vento&#8230;<\/p>\n\n\n\n<p>\u2013 E essas crian\u00e7as a\u00ed?<\/p>\n\n\n\n<p>\u2013 O catecismo&#8230;<\/p>\n\n\n\n<p>E assim, doze fam\u00edlias se reuniram e passaram a oferecer o alimento, o lanche daquelas crian\u00e7as, por causa do vento. Ora e pede. Em seguida, presta aten\u00e7\u00e3o. Algo vir\u00e1 por algu\u00e9m ou por interm\u00e9dio de alguma coisa, doando-te, na ess\u00eancia, as informa\u00e7\u00f5es ou os avisos que solicites. Ah, o vento&#8230;<\/p>\n\n\n\n<h3 class=\"wp-block-heading\" id=\"h-refer-ncias\">R\u00e9f\u00e9rences<\/h3>\n\n\n\n<p style=\"font-size:14px\">BIA Rocha contando a hist\u00f3ria de Chico Xavier, com o livro \u201cMenino Chico\u201d, de Adeilson Sales. <em>Pri Rocha<\/em>, 10 jun. 2021. Dispon\u00edvel em: <a href=\"https:\/\/www.youtube.com\/watch?v=ADthUHfGiqE\">https:\/\/www.youtube.com\/watch?v=ADthUHfGiqE<\/a>. Acesso em: 26 maio 2022.<\/p>\n\n\n\n<p style=\"font-size:14px\">MARLENE Nobre: \u201cMeus Peda\u00e7os do Espelho\u201d, de Chico Xavier (nova entrevista). <em>Portal Despertar<\/em>, 22 mar. 2016. Dispon\u00edvel em: <a href=\"https:\/\/www.youtube.com\/watch?v=ZQQAZmje-m4\">https:\/\/www.youtube.com\/watch?v=ZQQAZmje-m4<\/a>. Acesso em: 26 maio 2022.<\/p>","protected":false},"excerpt":{"rendered":"<p>Na noite de 30 de junho de 2002, este ano completando 20 anos, por volta das 19h30, em Uberaba (MG), o Brasil ganhava e perdia ao mesmo tempo. Na ocasi\u00e3o, retornava \u00e0 P\u00e1tria Espiritual o abnegado e querido m\u00e9dium mineiro Francisco C\u00e2ndido Xavier, exatamente na data em que a Sele\u00e7\u00e3o Brasileira de Futebol conquistava o [&hellip;]<\/p>\n","protected":false},"author":4,"featured_media":3384,"comment_status":"open","ping_status":"open","sticky":false,"template":"","format":"standard","meta":{"_acf_changed":false,"footnotes":""},"categories":[16],"tags":[],"edicoes":[494],"class_list":["post-3354","post","type-post","status-publish","format-standard","has-post-thumbnail","hentry","category-cantinho-do-evangelizador","edicoes-579-2"],"acf":[],"_links":{"self":[{"href":"https:\/\/folhaespirita.com.br\/fr\/wp-json\/wp\/v2\/posts\/3354","targetHints":{"allow":["GET"]}}],"collection":[{"href":"https:\/\/folhaespirita.com.br\/fr\/wp-json\/wp\/v2\/posts"}],"about":[{"href":"https:\/\/folhaespirita.com.br\/fr\/wp-json\/wp\/v2\/types\/post"}],"author":[{"embeddable":true,"href":"https:\/\/folhaespirita.com.br\/fr\/wp-json\/wp\/v2\/users\/4"}],"replies":[{"embeddable":true,"href":"https:\/\/folhaespirita.com.br\/fr\/wp-json\/wp\/v2\/comments?post=3354"}],"version-history":[{"count":1,"href":"https:\/\/folhaespirita.com.br\/fr\/wp-json\/wp\/v2\/posts\/3354\/revisions"}],"predecessor-version":[{"id":3355,"href":"https:\/\/folhaespirita.com.br\/fr\/wp-json\/wp\/v2\/posts\/3354\/revisions\/3355"}],"wp:featuredmedia":[{"embeddable":true,"href":"https:\/\/folhaespirita.com.br\/fr\/wp-json\/wp\/v2\/media\/3384"}],"wp:attachment":[{"href":"https:\/\/folhaespirita.com.br\/fr\/wp-json\/wp\/v2\/media?parent=3354"}],"wp:term":[{"taxonomy":"category","embeddable":true,"href":"https:\/\/folhaespirita.com.br\/fr\/wp-json\/wp\/v2\/categories?post=3354"},{"taxonomy":"post_tag","embeddable":true,"href":"https:\/\/folhaespirita.com.br\/fr\/wp-json\/wp\/v2\/tags?post=3354"},{"taxonomy":"edicoes","embeddable":true,"href":"https:\/\/folhaespirita.com.br\/fr\/wp-json\/wp\/v2\/edicoes?post=3354"}],"curies":[{"name":"wp","href":"https:\/\/api.w.org\/{rel}","templated":true}]}}