{"id":4716,"date":"2023-04-07T23:56:25","date_gmt":"2023-04-08T02:56:25","guid":{"rendered":"https:\/\/folhaespirita.com.br.br\/jornal\/?p=4716"},"modified":"2026-01-23T20:17:10","modified_gmt":"2026-01-23T23:17:10","slug":"um-olhar-mais-profundo-para-as-dores-da-alma","status":"publish","type":"post","link":"https:\/\/folhaespirita.com.br\/fr\/2023\/04\/07\/um-olhar-mais-profundo-para-as-dores-da-alma\/","title":{"rendered":"<strong>Um olhar mais profundo para as dores da alma<\/strong>"},"content":{"rendered":"<p>Temos uma nova pandemia para enfrentar, desta vez relacionada \u00e0 sa\u00fade mental. De acordo com a Organiza\u00e7\u00e3o Mundial da Sa\u00fade (OMS), em um estudo sobre sa\u00fade mental realizado em 2022 (link no final do texto), durante o primeiro ano da pandemia, os casos de depress\u00e3o e ansiedade aumentaram mais de 25%.<\/p>\n\n\n\n<figure class=\"wp-block-image size-full\"><img fetchpriority=\"high\" decoding=\"async\" width=\"656\" height=\"360\" src=\"https:\/\/folhaespirita.com.br\/wp-content\/uploads\/2023\/04\/mentes_enroladas.jpg\" alt=\"Desenho de duas cabe\u00e7as com linhas enroladas\" class=\"wp-image-4733\" srcset=\"https:\/\/folhaespirita.com.br\/wp-content\/uploads\/2023\/04\/mentes_enroladas.jpg 656w, https:\/\/folhaespirita.com.br\/wp-content\/uploads\/2023\/04\/mentes_enroladas-300x165.jpg 300w\" sizes=\"(max-width: 656px) 100vw, 656px\" \/><figcaption class=\"wp-element-caption\">Banco de imagem<\/figcaption><\/figure>\n\n\n\n<p>O estudo, que apresenta diversas evid\u00eancias, \u00e9 um convite para que, urgentemente, sejam adotadas novas pr\u00e1ticas e pol\u00edticas capazes de aprofundar os cuidados com a sa\u00fade mental. Faz-se necess\u00e1rio firmar um verdadeiro compromisso com a sociedade, para que sejam remodelados ambientes e sistemas para cuidarmos das pessoas. Cada vez mais, na busca por novas pr\u00e1ticas e recursos para o enfrentamento dessa verdadeira pandemia de sa\u00fade mental, ganham espa\u00e7os estudos voltados para a integra\u00e7\u00e3o entre sa\u00fade e espiritualidade, assim como n\u00e3o faltam evid\u00eancias cient\u00edficas em milhares de publica\u00e7\u00f5es sobre a efic\u00e1cia da espiritualidade nos tratamentos de sa\u00fade. <\/p>\n\n\n\n<p>Assim, n\u00e3o temos d\u00favidas de que os pr\u00f3ximos anos e as pr\u00f3ximas d\u00e9cadas dever\u00e3o promover mais e mais avan\u00e7os nessa \u00e1rea, visto que a necessidade de socorro \u00e9 cada vez mais urgente. \u00c9 preciso que a medicina esteja preparada para atuar n\u00e3o s\u00f3 no cuidado do corpo, mas tamb\u00e9m do Esp\u00edrito.<\/p>\n\n\n\n<p><\/p>\n\n\n\n<h2 class=\"wp-block-heading\"><strong>Medicina humana, ascend\u00eancia moral e o papel do amor crist\u00e3o<\/strong><\/h2>\n\n\n\n<p>Segundo Andr\u00e9 Luiz, na brilhante obra <em>Mission\u00e1rios da luz<\/em>, \u201cA medicina humana ser\u00e1 muito diferente no futuro, quando a ci\u00eancia puder compreender a extens\u00e3o e complexidade dos fatores mentais no campo das mol\u00e9stias do corpo f\u00edsico. Muito raramente n\u00e3o se encontram as afec\u00e7\u00f5es diretamente relacionadas com o psiquismo. Todos os \u00f3rg\u00e3os s\u00e3o subordinados \u00e0 ascend\u00eancia moral. As preocupa\u00e7\u00f5es excessivas com os sintomas patol\u00f3gicos aumentam as enfermidades; as grandes emo\u00e7\u00f5es podem curar o corpo ou aniquil\u00e1-lo. Se isso pode acontecer na esfera de atividades vulgares das lutas f\u00edsicas, imagine o campo enorme de observa\u00e7\u00f5es que nos oferece o plano espiritual, para onde se transferem, todos os dias, milhares de almas desencarnadas, em lament\u00e1veis condi\u00e7\u00f5es de desequil\u00edbrio da mente. O m\u00e9dico do porvir conhecer\u00e1 semelhantes verdades e n\u00e3o circunscrever\u00e1 sua a\u00e7\u00e3o profissional ao simples fornecimento de indica\u00e7\u00f5es t\u00e9cnicas, dirigindo-se, muito mais, nos trabalhos curativos, \u00e0s provid\u00eancias espirituais, onde o amor crist\u00e3o represente o maior papel\u201d.<\/p>\n\n\n\n<p>Essa caminhada citada pelo m\u00e9dico desencarnado j\u00e1 est\u00e1 em curso e n\u00e3o \u00e9 de hoje. A integra\u00e7\u00e3o entre ci\u00eancia e espiritualidade tem sido objeto de muita dedica\u00e7\u00e3o da Associa\u00e7\u00e3o M\u00e9dico-Esp\u00edrita do Brasil (AME-Brasil), que, por interm\u00e9dio das AMEs regionais, segue firme no prop\u00f3sito pela implanta\u00e7\u00e3o do paradigma m\u00e9dico-esp\u00edrita no mundo desde a forma\u00e7\u00e3o da primeira AME, a Associa\u00e7\u00e3o M\u00e9dico-Esp\u00edrita de S\u00e3o Paulo. Esta foi fundada em 1968 e \u00e9 idealizadora do MEDNESP, evento nacional que se iniciou em 1991 e agora, em 2023, realizar\u00e1 sua 13\u00aa edi\u00e7\u00e3o. Para falar desse importante conclave m\u00e9dico-esp\u00edrita e convocar o movimento esp\u00edrita a participar, ouvimos o Dr. Jos\u00e9 Roberto Pereira do Santos, presidente da Associa\u00e7\u00e3o M\u00e9dico-Esp\u00edrita do Estado do Esp\u00edrito Santo <a>(AMEEES)<\/a>, que \u00e9 respons\u00e1vel pela organiza\u00e7\u00e3o dessa edi\u00e7\u00e3o.<\/p>\n\n\n\n<p>O movimento m\u00e9dico-esp\u00edrita vem crescendo, se mobilizando e avan\u00e7ando cada vez mais, assim como o tema<em> espiritualidade<\/em> no meio acad\u00eamico, sendo um dos que mais contam com publica\u00e7\u00f5es indexadas nos \u00faltimos tempos. Para mostrarmos a import\u00e2ncia que esse assunto est\u00e1 adquirindo, n\u00e3o poder\u00edamos deixar de citar o 4\u00ba Congresso Internacional de Sa\u00fade e Espiritualidade (Conupes), que ser\u00e1 realizado no m\u00eas de maio em Juiz de Fora\/MG. Para falar mais sobre esse importante evento, entrevistamos o professor doutor Alexander Moreira de Almeida, um dos mais importantes pesquisadores mundiais sobre o tema.<\/p>\n\n\n\n<h2 class=\"wp-block-heading\"><strong>Uma pandemia de sa\u00fade mental<\/strong><\/h2>\n\n\n\n<p>Claramente, vivemos nesta exata quadra da hist\u00f3ria uma verdadeira pandemia de sa\u00fade mental, onde percebemos uma escalada da viol\u00eancia que causa perplexidade em todos n\u00f3s. Podemos dizer que a sociedade est\u00e1 muito adoecida e precisando, mais do que de drogas eficazes ou tecnologia de ponta para se curar, de um olhar mais profundo para as dores da alma<\/p>\n\n\n\n<p>\u00c9 importante observar que jamais estivemos desamparados, pois uma verdadeira transforma\u00e7\u00e3o est\u00e1 em curso nas pr\u00e1ticas e nos cuidados para com a sa\u00fade humana. Certamente, essa \u00e9 a resposta da espiritualidade, que vem sendo constru\u00edda h\u00e1 d\u00e9cadas. Estamos certos de que mais e mais profissionais da sa\u00fade e a sociedade v\u00e3o responder aos chamados para o verdadeiro despertar de consci\u00eancia, em que a medicina da alma, pautada no amor e no Esp\u00edrito eterno, ser\u00e3o uma realidade em nossa sociedade.<\/p>\n\n\n\n<p>Um novo alvorecer para a humanidade se descortinar\u00e1 a partir de tal despertar. Assim, desejamos que seja muito em breve e convidamos voc\u00ea para fazer parte desse momento. Divulgue, compartilhe os conte\u00fados sobre os eventos e fa\u00e7a parte deles. Muita paz!<\/p>\n\n\n\n<hr class=\"wp-block-separator has-alpha-channel-opacity\"\/>\n\n\n\n<p><a href=\"https:\/\/bvsms.saude.gov.br\/oms-divulga-informe-mundial-de-saude-mental-transformar-a-saude-mental-para-todos\/\" target=\"_blank\" rel=\"noreferrer noopener\">Informe Mundial de Sa\u00fade Mental: transformar a sa\u00fade mental para todos (OMS)<\/a><\/p>\n\n\n\n<figure class=\"wp-block-embed is-type-rich is-provider-spotify wp-block-embed-spotify wp-embed-aspect-21-9 wp-has-aspect-ratio\"><div class=\"wp-block-embed__wrapper\">\n<iframe title=\"Spotify Embed: 194 - Est\u00edmulo \u00e0 Viol\u00eancia e os recentes ataques a escolas- Entrevista Telma Vinha.\" style=\"border-radius: 12px\" width=\"100%\" height=\"152\" frameborder=\"0\" allowfullscreen allow=\"autoplay; clipboard-write; encrypted-media; fullscreen; picture-in-picture\" loading=\"lazy\" src=\"https:\/\/open.spotify.com\/embed\/episode\/1vueLtDtrK7WZZnLVUTb9K?si=29ee3c51aaeb4fb8&amp;utm_source=oembed\"><\/iframe>\n<\/div><\/figure>","protected":false},"excerpt":{"rendered":"<p>Temos uma nova pandemia para enfrenta: a sa\u00fade mental. A Organiza\u00e7\u00e3o Mundial da Sa\u00fade (OMS), aponta aumento da depress\u00e3o e da ansiedade.<\/p>","protected":false},"author":3,"featured_media":4731,"comment_status":"open","ping_status":"open","sticky":false,"template":"","format":"standard","meta":{"_acf_changed":false,"footnotes":""},"categories":[22],"tags":[],"edicoes":[583],"class_list":["post-4716","post","type-post","status-publish","format-standard","has-post-thumbnail","hentry","category-editorial","edicoes-589-2"],"acf":[],"_links":{"self":[{"href":"https:\/\/folhaespirita.com.br\/fr\/wp-json\/wp\/v2\/posts\/4716","targetHints":{"allow":["GET"]}}],"collection":[{"href":"https:\/\/folhaespirita.com.br\/fr\/wp-json\/wp\/v2\/posts"}],"about":[{"href":"https:\/\/folhaespirita.com.br\/fr\/wp-json\/wp\/v2\/types\/post"}],"author":[{"embeddable":true,"href":"https:\/\/folhaespirita.com.br\/fr\/wp-json\/wp\/v2\/users\/3"}],"replies":[{"embeddable":true,"href":"https:\/\/folhaespirita.com.br\/fr\/wp-json\/wp\/v2\/comments?post=4716"}],"version-history":[{"count":5,"href":"https:\/\/folhaespirita.com.br\/fr\/wp-json\/wp\/v2\/posts\/4716\/revisions"}],"predecessor-version":[{"id":4764,"href":"https:\/\/folhaespirita.com.br\/fr\/wp-json\/wp\/v2\/posts\/4716\/revisions\/4764"}],"wp:featuredmedia":[{"embeddable":true,"href":"https:\/\/folhaespirita.com.br\/fr\/wp-json\/wp\/v2\/media\/4731"}],"wp:attachment":[{"href":"https:\/\/folhaespirita.com.br\/fr\/wp-json\/wp\/v2\/media?parent=4716"}],"wp:term":[{"taxonomy":"category","embeddable":true,"href":"https:\/\/folhaespirita.com.br\/fr\/wp-json\/wp\/v2\/categories?post=4716"},{"taxonomy":"post_tag","embeddable":true,"href":"https:\/\/folhaespirita.com.br\/fr\/wp-json\/wp\/v2\/tags?post=4716"},{"taxonomy":"edicoes","embeddable":true,"href":"https:\/\/folhaespirita.com.br\/fr\/wp-json\/wp\/v2\/edicoes?post=4716"}],"curies":[{"name":"wp","href":"https:\/\/api.w.org\/{rel}","templated":true}]}}