{"id":5239,"date":"2023-12-03T11:19:45","date_gmt":"2023-12-03T14:19:45","guid":{"rendered":"https:\/\/folhaespirita.com.br.br\/jornal\/?p=5239"},"modified":"2026-01-23T20:17:08","modified_gmt":"2026-01-23T23:17:08","slug":"prece-de-caritas-150-anos","status":"publish","type":"post","link":"https:\/\/folhaespirita.com.br\/fr\/2023\/12\/03\/prece-de-caritas-150-anos\/","title":{"rendered":"Pri\u00e8re Caritas - 150 ans"},"content":{"rendered":"\n<p>A <em>Prece de C\u00e1ritas<\/em> tem sido constantemente orada por v\u00e1rias gera\u00e7\u00f5es de esp\u00edritas. Diz-se que \u201cC\u00e1ritas\u201d era um Esp\u00edrito que se comunicava por interm\u00e9dio da m\u00e9dium Madame W. Krell, num grupo de Bordeaux, Fran\u00e7a, sendo ela uma das maiores psic\u00f3grafas da hist\u00f3ria do Espiritismo.<\/p>\n\n\n\n<p>A <em>Prece de C\u00e1ritas<\/em>foi psicografada na noite de 25 de dezembro de 1873, ditada pela suave C\u00e1ritas, de quem s\u00e3o, ainda, outras comunica\u00e7\u00f5es conhecidas, como \u201cA esmola espiritual\u201d e \u201cComo servir a religi\u00e3o espiritual\u201d. Todas as mensagens que Madame W. Krell psicografava em transe se encontram no livro <em>Rayonnements de la Vie Spirituelle (Radia\u00e7\u00f5es da vida espiritual)<\/em>, publicado em maio de 1875 em Bordeaux, inclusive a pr\u00f3pria prece de C\u00e1ritas, escrita em franc\u00eas, tal e qual como foi transmitida.<\/p>\n\n\n\n<p>Em <em>O Evangelho segundo o Espiritismo <\/em>e na <em>Revista Esp\u00edrita<\/em>, podemos ler v\u00e1rias mensagens de C\u00e1ritas, ali inseridas por Allan Kardec. S\u00e3o mensagens que estimulam a fraternidade, a solidariedade e a caridade.<\/p>\n\n\n\n<figure class=\"wp-block-image size-full is-resized\"><img fetchpriority=\"high\" decoding=\"async\" src=\"https:\/\/folhaespirita.com.br\/wp-content\/uploads\/2023\/12\/de_maos_dada_orando_no_escritorio.jpg\" alt=\"\" class=\"wp-image-5292\" width=\"846\" height=\"363\" srcset=\"https:\/\/folhaespirita.com.br\/wp-content\/uploads\/2023\/12\/de_maos_dada_orando_no_escritorio.jpg 562w, https:\/\/folhaespirita.com.br\/wp-content\/uploads\/2023\/12\/de_maos_dada_orando_no_escritorio-300x129.jpg 300w\" sizes=\"(max-width: 846px) 100vw, 846px\" \/><\/figure>\n\n\n\n<p>Na <em>Revista Esp\u00edrita <\/em>de 1865, encontramos o apelo de C\u00e1ritas.<\/p>\n\n\n\n<p>\u201c[&#8230;] O Espiritismo, esse grande tra\u00e7o de uni\u00e3o entre todos os filhos de Deus, nos abriu um horizonte t\u00e3o largo, que podemos olhar de um a outro ponto todos esses cora\u00e7\u00f5es esparsos que as circunst\u00e2ncias colocaram no Oriente e no Ocidente, e v\u00ea-los vibrar a um s\u00f3 apelo de C\u00e1ritas. Ainda me lembro da profunda emo\u00e7\u00e3o que senti quando, no ano passado, a <em>Revista Esp\u00edrita<\/em> nos dava conta da impress\u00e3o produzida em todas as partes da Europa por uma comunica\u00e7\u00e3o desse excelente Esp\u00edrito. Sem d\u00favida poder-se-\u00e1 dizer tudo quanto se queira contra o Espiritismo: \u00e9 uma prova de que ele cresce, porque geralmente n\u00e3o se atacam as coisas pequenas, mas os grandes efeitos. Ademais, o que s\u00e3o esses ataques sen\u00e3o como a c\u00f3lera de uma crian\u00e7a que atirasse pedras ao oceano para impedi-lo de roncar? E os detratores do Espiritismo quase n\u00e3o suspeitam que denegrindo a doutrina eles cobrem todas as despesas de uma propaganda que d\u00e1 a todos os que a leem vontade de conhecer esse terr\u00edvel inimigo que tem como palavra de ordem: \u2018Fora da caridade n\u00e3o h\u00e1 salva\u00e7\u00e3o [&#8230;]\u2019\u201d.<\/p>\n\n\n\n<p><strong>Prece de C\u00e1ritas<\/strong><\/p>\n\n\n\n<p class=\"has-luminous-vivid-orange-color has-text-color\">Deus, nosso Pai, que sois todo poder e bondade, da\u00ed for\u00e7as \u00e0queles que passam pela prova\u00e7\u00e3o, da\u00ed luz \u00e0queles que procuram a verdade, pondo no cora\u00e7\u00e3o do homem a compaix\u00e3o e a caridade!<\/p>\n\n\n\n<p class=\"has-luminous-vivid-orange-color has-text-color\">Deus, dai ao viajor a estrela guia, ao aflito a consola\u00e7\u00e3o, ao doente o repouso.<\/p>\n\n\n\n<p class=\"has-luminous-vivid-orange-color has-text-color\">Pai, dai ao culpado o arrependimento, ao Esp\u00edrito a verdade, \u00e0 crian\u00e7a o guia, ao \u00f3rf\u00e3o o pai.<\/p>\n\n\n\n<p class=\"has-luminous-vivid-orange-color has-text-color\">Senhor, que a vossa bondade se estenda sobre tudo que criastes.<\/p>\n\n\n\n<p class=\"has-luminous-vivid-orange-color has-text-color\">Piedade, Senhor, para aquelas que Vos n\u00e3o conhecem, esperan\u00e7a para aqueles que sofrem.<\/p>\n\n\n\n<p class=\"has-luminous-vivid-orange-color has-text-color\">Que a Vossa bondade permita aos Esp\u00edritos consoladores derramarem por toda a parte a paz, a esperan\u00e7a e a f\u00e9!<\/p>\n\n\n\n<p class=\"has-luminous-vivid-orange-color has-text-color\">Deus! Um raio, uma centelha do Vosso amor pode iluminar a terra; deixai-nos beber nas fontes dessa bondade fecunda e infinita, e todas as l\u00e1grimas secar\u00e3o, todas as dores se acalmar\u00e3o. Um s\u00f3 cora\u00e7\u00e3o, um s\u00f3 pensamento subir\u00e1 at\u00e9 V\u00f3s como um grito de reconhecimento e de amor.<\/p>\n\n\n\n<p class=\"has-luminous-vivid-orange-color has-text-color\">Como Mois\u00e9s sobre a montanha, n\u00f3s Vos esperamos com os bra\u00e7os abertos, oh! Bondade, oh! Beleza, oh! Perfei\u00e7\u00e3o, e queremos de alguma sorte merecer a Vossa miseric\u00f3rdia.<\/p>\n\n\n\n<p class=\"has-luminous-vivid-orange-color has-text-color\">Deus, dai-nos a for\u00e7a, ajudai o nosso progresso, a fim de subirmos at\u00e9 V\u00f3s; dai-nos a caridade pura, a humildade; dai-nos a f\u00e9 e a raz\u00e3o, dai-nos a simplicidade, que far\u00e1 de nossas almas o espelho onde se h\u00e1 de refletir a Vossa Divina Imagem! Que assim seja.<\/p>\n","protected":false},"excerpt":{"rendered":"<p>A Prece de C\u00e1ritas tem sido constantemente orada por v\u00e1rias gera\u00e7\u00f5es de esp\u00edritas. Diz-se que \u201cC\u00e1ritas\u201d era um Esp\u00edrito que se comunicava por interm\u00e9dio da m\u00e9dium Madame W. Krell, num grupo de Bordeaux, Fran\u00e7a, sendo ela uma das maiores psic\u00f3grafas da hist\u00f3ria do Espiritismo. A Prece de C\u00e1ritasfoi psicografada na noite de 25 de dezembro [&hellip;]<\/p>\n","protected":false},"author":4,"featured_media":5291,"comment_status":"open","ping_status":"open","sticky":false,"template":"","format":"standard","meta":{"_acf_changed":false,"footnotes":""},"categories":[16],"tags":[],"edicoes":[591],"class_list":["post-5239","post","type-post","status-publish","format-standard","has-post-thumbnail","hentry","category-cantinho-do-evangelizador","edicoes-597-2"],"acf":[],"_links":{"self":[{"href":"https:\/\/folhaespirita.com.br\/fr\/wp-json\/wp\/v2\/posts\/5239","targetHints":{"allow":["GET"]}}],"collection":[{"href":"https:\/\/folhaespirita.com.br\/fr\/wp-json\/wp\/v2\/posts"}],"about":[{"href":"https:\/\/folhaespirita.com.br\/fr\/wp-json\/wp\/v2\/types\/post"}],"author":[{"embeddable":true,"href":"https:\/\/folhaespirita.com.br\/fr\/wp-json\/wp\/v2\/users\/4"}],"replies":[{"embeddable":true,"href":"https:\/\/folhaespirita.com.br\/fr\/wp-json\/wp\/v2\/comments?post=5239"}],"version-history":[{"count":3,"href":"https:\/\/folhaespirita.com.br\/fr\/wp-json\/wp\/v2\/posts\/5239\/revisions"}],"predecessor-version":[{"id":5294,"href":"https:\/\/folhaespirita.com.br\/fr\/wp-json\/wp\/v2\/posts\/5239\/revisions\/5294"}],"wp:featuredmedia":[{"embeddable":true,"href":"https:\/\/folhaespirita.com.br\/fr\/wp-json\/wp\/v2\/media\/5291"}],"wp:attachment":[{"href":"https:\/\/folhaespirita.com.br\/fr\/wp-json\/wp\/v2\/media?parent=5239"}],"wp:term":[{"taxonomy":"category","embeddable":true,"href":"https:\/\/folhaespirita.com.br\/fr\/wp-json\/wp\/v2\/categories?post=5239"},{"taxonomy":"post_tag","embeddable":true,"href":"https:\/\/folhaespirita.com.br\/fr\/wp-json\/wp\/v2\/tags?post=5239"},{"taxonomy":"edicoes","embeddable":true,"href":"https:\/\/folhaespirita.com.br\/fr\/wp-json\/wp\/v2\/edicoes?post=5239"}],"curies":[{"name":"wp","href":"https:\/\/api.w.org\/{rel}","templated":true}]}}