{"id":872,"date":"2021-01-04T22:45:50","date_gmt":"2021-01-05T01:45:50","guid":{"rendered":"https:\/\/folhaespirita.com.br.br\/jornal\/?p=872"},"modified":"2026-01-23T20:17:21","modified_gmt":"2026-01-23T23:17:21","slug":"o-ano-virou-e-agora-hora-de-reprogramar-as-nossas-escolhas","status":"publish","type":"post","link":"https:\/\/folhaespirita.com.br\/fr\/2021\/01\/04\/o-ano-virou-e-agora-hora-de-reprogramar-as-nossas-escolhas\/","title":{"rendered":"O ano virou. E agora? Hora de reprogramar as nossas escolhas?"},"content":{"rendered":"\n<p class=\"has-small-font-size\"><strong>Sandra Marinho<\/strong><\/p>\n\n\n\n<p>Sem d\u00favida, estamos atravessando um dos per\u00edodos mais cr\u00edticos da humanidade! Passamos quase todo 2020 aprendendo a lidar com os efeitos de uma pandemia que, na minha opini\u00e3o, n\u00e3o tem precedentes, se levarmos em considera\u00e7\u00e3o a sua abrang\u00eancia e a civiliza\u00e7\u00e3o atual, que congrega uma diversidade jamais experimentada por n\u00f3s, humanos.<\/p>\n\n\n\n<p>Convivemos com realidades contradit\u00f3rias que desafiam o bom senso, e a pandemia acentuou tais contradi\u00e7\u00f5es e mostrou friamente as desigualdades sociais. Mal nos demos conta, e o tempo passou. Janeiro chegou, per\u00edodo em que, normalmente, ap\u00f3s refletir sobre a nossa vida, aproveitamos para rever os erros e tra\u00e7armos novos objetivos para o futuro, pelo menos essa \u00e9 a nossa inten\u00e7\u00e3o.<\/p>\n\n\n\n<p>Acredito que, mesmo os mais c\u00e9ticos, tamb\u00e9m entram no clima de esperan\u00e7a, embora neguem e afirmem com convic\u00e7\u00e3o: \u201cE da\u00ed? 1\u00ba de janeiro \u00e9 um dia como outro qualquer e nos encontramos no mesmo lugar que est\u00e1vamos em 31 de dezembro&#8230; tudo igual\u201d. Observo que, mesmo os que agem assim, no \u00edntimo, bem secretamente, tamb\u00e9m fazem o seu balan\u00e7o de final de ano e esbo\u00e7am alguns objetivos para o futuro pr\u00f3ximo.<\/p>\n\n\n\n<p>Isso ocorre porque n\u00e3o se trata apenas de uma quest\u00e3o de calend\u00e1rio, antes de tudo, \u00e9 a nossa mente exercendo o seu papel de diretora da nossa organiza\u00e7\u00e3o formada por Esp\u00edrito e corpo. Ela \u00e9 a gestora de tudo. Quem tem um m\u00ednimo de consci\u00eancia percebe o movimento da mente, que, por voca\u00e7\u00e3o, precisa fazer o balan\u00e7o a cada encerramento de fase; avaliar os resultados que obtivemos e, em consequ\u00eancia, reprogramar as nossas escolhas para que atitudes e comportamentos mudem e tenhamos resultados mais favor\u00e1veis.<\/p>\n\n\n\n<p>N\u00e3o estou me referindo a resultados materiais, como comprar uma casa, um carro, ser promovido(a) no trabalho, fazer a viagem dos sonhos ou a festa de casamento, por exemplo. Refiro-me ao resultado espiritual, se \u00e9 que se pode chamar assim. Aquele que indica o quanto evolu\u00edmos. Esse resultado \u00e9 composto por pequenas e at\u00e9 mesmo micrometas, como aquelas que alcan\u00e7amos no sentido de supera\u00e7\u00e3o de algum defeito da nossa personalidade; o perd\u00e3o que conseguimos conceder a algu\u00e9m; a aceita\u00e7\u00e3o de situa\u00e7\u00f5es que n\u00e3o temos condi\u00e7\u00f5es de solucionar, entre tantas outras conquistas sobre n\u00f3s mesmos.<\/p>\n\n\n\n<p>Enfim, n\u00e3o s\u00e3o grandes conquistas a exemplo das almas j\u00e1 iluminadas, que descem at\u00e9 n\u00f3s com grandes miss\u00f5es, mas aquelas relacionadas com a nossa vida cotidiana, no ramerrame do dia a dia.<\/p>\n\n\n\n<p>Em 2020, n\u00e3o faltaram oportunidades para testarmos paci\u00eancia, bom senso, empatia e solidariedade! E agora? Qual ser\u00e1 a nossa programa\u00e7\u00e3o ap\u00f3s um ano t\u00e3o conturbado, cheio de fatos inusitados que tivemos de lidar pela primeira vez? Como nos sairemos? Com certeza, encontraremos as respostas que queremos a estas perguntas, e a\u00ed, sim, poderemos tra\u00e7ar as nossas metas. Sejam quais forem as nossas expectativas, tenhamos a certeza de que nada ocorre por acaso, tudo \u00e9 rea\u00e7\u00e3o de uma a\u00e7\u00e3o anterior e tudo caminha indubitavelmente para o progresso.<\/p>\n\n\n\n<p>Por \u00faltimo, em rela\u00e7\u00e3o \u00e0s desigualdades sociais, cuja visibilidade ficou ainda mais acentuada nesses tempos de pandemia, e ao atual momento do homem na Terra, transcrevo as esclarecedoras respostas \u00e0s quest\u00f5es n. 55 e 233 do livro<em> O consolador<\/em>, de Emmanuel, psicografado por Chico Xavier:<\/p>\n\n\n\n<p>\u201cQ. 55 \u2013 A desigualdade social \u00e9 o mais elevado testemunho da verdade da reencarna\u00e7\u00e3o, mediante a qual cada Esp\u00edrito tem sua posi\u00e7\u00e3o definida de regenera\u00e7\u00e3o e resgate. Nesse caso, consideramos que a pobreza, a mis\u00e9ria, a guerra, a ignor\u00e2ncia, como outras calamidades coletivas, s\u00e3o enfermidades do organismo social, devido \u00e0 situa\u00e7\u00e3o de prova da quase generalidade dos seus membros. Cessada a causa patog\u00eanica com a ilumina\u00e7\u00e3o espiritual de todos em Jesus Cristo, a mol\u00e9stia coletiva estar\u00e1 eliminada dos ambientes humanos.<\/p>\n\n\n\n<p><em>Q. 233: Por que raz\u00e3o o homem da Terra tem sido t\u00e3o lento na solu\u00e7\u00e3o do problema do seu conhecimento pr\u00f3prio?<\/em><\/p>\n\n\n\n<p>Isso \u00e9 explic\u00e1vel. Somente agora, a alma humana poder\u00e1 ensimesmar-se o bastante para compreender as necessidades e os escaninhos da sua personalidade espiritual. Antigamente, a exist\u00eancia do homem resumia-se na luta com as for\u00e7as externas, de modo a criar uma lei de harmonia entre ele pr\u00f3prio e a natureza terrestre [&#8230;]. Agora, por\u00e9m, nas culmin\u00e2ncias da sua evolu\u00e7\u00e3o f\u00edsica, o homem n\u00e3o necessitar\u00e1 preocupar-se, de modo t\u00e3o absorvente, com a paisagem que o cerca, raz\u00e3o pela qual todas as energias espirituais se mobilizam, nos tempos modernos, em torno das criaturas, convocando-as ao sagrado conhecimento de si mesmas, dentro dos valores infinitos da vida.\u201d<\/p>\n\n\n\n<h3 class=\"wp-block-heading\" id=\"h-refer-ncia\">Refer\u00eancia<\/h3>\n\n\n\n<p class=\"has-small-font-size\">EMMANUEL (Esp\u00edrito). <em>O Consolador<\/em>. Psicografado por Francisco C. Xavier.<\/p>\n","protected":false},"excerpt":{"rendered":"<p>Sandra Marinho Sem d\u00favida, estamos atravessando um dos per\u00edodos mais cr\u00edticos da humanidade! Passamos quase todo 2020 aprendendo a lidar com os efeitos de uma pandemia que, na minha opini\u00e3o, n\u00e3o tem precedentes, se levarmos em considera\u00e7\u00e3o a sua abrang\u00eancia e a civiliza\u00e7\u00e3o atual, que congrega uma diversidade jamais experimentada por n\u00f3s, humanos. Convivemos com [&hellip;]<\/p>\n","protected":false},"author":3,"featured_media":951,"comment_status":"open","ping_status":"open","sticky":false,"template":"","format":"standard","meta":{"_acf_changed":false,"footnotes":""},"categories":[19],"tags":[194,35,37,168,167,31],"edicoes":[195],"class_list":["post-872","post","type-post","status-publish","format-standard","has-post-thumbnail","hentry","category-educa-a-tua-alma","tag-194","tag-chico-xavier","tag-emmanuel","tag-francisco-candido-xavier","tag-o-consolador","tag-pandemia","edicoes-562-2"],"acf":[],"_links":{"self":[{"href":"https:\/\/folhaespirita.com.br\/fr\/wp-json\/wp\/v2\/posts\/872","targetHints":{"allow":["GET"]}}],"collection":[{"href":"https:\/\/folhaespirita.com.br\/fr\/wp-json\/wp\/v2\/posts"}],"about":[{"href":"https:\/\/folhaespirita.com.br\/fr\/wp-json\/wp\/v2\/types\/post"}],"author":[{"embeddable":true,"href":"https:\/\/folhaespirita.com.br\/fr\/wp-json\/wp\/v2\/users\/3"}],"replies":[{"embeddable":true,"href":"https:\/\/folhaespirita.com.br\/fr\/wp-json\/wp\/v2\/comments?post=872"}],"version-history":[{"count":2,"href":"https:\/\/folhaespirita.com.br\/fr\/wp-json\/wp\/v2\/posts\/872\/revisions"}],"predecessor-version":[{"id":944,"href":"https:\/\/folhaespirita.com.br\/fr\/wp-json\/wp\/v2\/posts\/872\/revisions\/944"}],"wp:featuredmedia":[{"embeddable":true,"href":"https:\/\/folhaespirita.com.br\/fr\/wp-json\/wp\/v2\/media\/951"}],"wp:attachment":[{"href":"https:\/\/folhaespirita.com.br\/fr\/wp-json\/wp\/v2\/media?parent=872"}],"wp:term":[{"taxonomy":"category","embeddable":true,"href":"https:\/\/folhaespirita.com.br\/fr\/wp-json\/wp\/v2\/categories?post=872"},{"taxonomy":"post_tag","embeddable":true,"href":"https:\/\/folhaespirita.com.br\/fr\/wp-json\/wp\/v2\/tags?post=872"},{"taxonomy":"edicoes","embeddable":true,"href":"https:\/\/folhaespirita.com.br\/fr\/wp-json\/wp\/v2\/edicoes?post=872"}],"curies":[{"name":"wp","href":"https:\/\/api.w.org\/{rel}","templated":true}]}}