{"id":13356,"date":"2026-04-06T17:49:55","date_gmt":"2026-04-06T20:49:55","guid":{"rendered":"https:\/\/folhaespirita.com.br\/?p=13356"},"modified":"2026-04-06T17:49:58","modified_gmt":"2026-04-06T20:49:58","slug":"alma-e-coracao","status":"publish","type":"post","link":"https:\/\/folhaespirita.com.br\/pt\/2026\/04\/06\/alma-e-coracao\/","title":{"rendered":"Alma e cora\u00e7\u00e3o"},"content":{"rendered":"<p style=\"font-size:24px\"><strong>Chico Xavier\/Emmanuel<\/strong><\/p>\n\n\n\n<figure class=\"wp-block-image size-large is-resized\"><img fetchpriority=\"high\" decoding=\"async\" width=\"972\" height=\"1024\" src=\"https:\/\/folhaespirita.com.br\/wp-content\/uploads\/2026\/04\/alma_e_coracao_ed_comemorativa-972x1024.jpg\" alt=\"\" class=\"wp-image-13357\" style=\"aspect-ratio:0.949220415654721;width:443px;height:auto\" srcset=\"https:\/\/folhaespirita.com.br\/wp-content\/uploads\/2026\/04\/alma_e_coracao_ed_comemorativa-972x1024.jpg 972w, https:\/\/folhaespirita.com.br\/wp-content\/uploads\/2026\/04\/alma_e_coracao_ed_comemorativa-285x300.jpg 285w, https:\/\/folhaespirita.com.br\/wp-content\/uploads\/2026\/04\/alma_e_coracao_ed_comemorativa-768x809.jpg 768w, https:\/\/folhaespirita.com.br\/wp-content\/uploads\/2026\/04\/alma_e_coracao_ed_comemorativa-11x12.jpg 11w, https:\/\/folhaespirita.com.br\/wp-content\/uploads\/2026\/04\/alma_e_coracao_ed_comemorativa.jpg 1424w\" sizes=\"(max-width: 972px) 100vw, 972px\" \/><\/figure>\n\n\n\n<p>Em <em>Alma e cora\u00e7\u00e3o<\/em>, Emmanuel busca mostrar ao mundo que nossas conquistas espirituais t\u00eam de ser feitas em nosso dia a dia, paralelamente \u00e0s que visam diretamente ao nosso progresso material. O alerta que ele nos traz \u00e9 o de que, a partir da solu\u00e7\u00e3o dos nossos problemas interiores, encontramos sa\u00eddas para a nossa vida exterior.<\/p>\n\n\n\n<p>\u201cMuitos, mandam, exigem, disp\u00f5em ou discutem&#8230; Ser\u00e1s aquele que serve, o samaritano da ben\u00e7\u00e3o, o entendimento dos incompreendidos, a luz dos que se debatem nas sombras, a coragem dos tristes e o apoio dos que se afligem na retaguarda!&#8230;\u201d (<em>Emmanuel<\/em>, cap. 39).<\/p>\n\n\n\n<p class=\"has-small-font-size\">EMMANUEL (Esp\u00edrito). <strong>Alma e cora\u00e7\u00e3o.<\/strong> Psicografado por Francisco C\u00e2ndido Xavier. S\u00e3o Paulo: Pensamento, 2013.<\/p>\n\n\n\n<p><\/p>","protected":false},"excerpt":{"rendered":"<p>Chico Xavier\/Emmanuel Em Alma e cora\u00e7\u00e3o, Emmanuel busca mostrar ao mundo que nossas conquistas espirituais t\u00eam de ser feitas em nosso dia a dia, paralelamente \u00e0s que visam diretamente ao nosso progresso material. O alerta que ele nos traz \u00e9 o de que, a partir da solu\u00e7\u00e3o dos nossos problemas interiores, encontramos sa\u00eddas para a [&hellip;]<\/p>\n","protected":false},"author":3,"featured_media":13358,"comment_status":"open","ping_status":"open","sticky":false,"template":"","format":"standard","meta":{"_acf_changed":false,"footnotes":""},"categories":[27],"tags":[],"edicoes":[790],"class_list":["post-13356","post","type-post","status-publish","format-standard","has-post-thumbnail","hentry","category-biblioteca-chico-xavier","edicoes-790"],"acf":[],"_links":{"self":[{"href":"https:\/\/folhaespirita.com.br\/pt\/wp-json\/wp\/v2\/posts\/13356","targetHints":{"allow":["GET"]}}],"collection":[{"href":"https:\/\/folhaespirita.com.br\/pt\/wp-json\/wp\/v2\/posts"}],"about":[{"href":"https:\/\/folhaespirita.com.br\/pt\/wp-json\/wp\/v2\/types\/post"}],"author":[{"embeddable":true,"href":"https:\/\/folhaespirita.com.br\/pt\/wp-json\/wp\/v2\/users\/3"}],"replies":[{"embeddable":true,"href":"https:\/\/folhaespirita.com.br\/pt\/wp-json\/wp\/v2\/comments?post=13356"}],"version-history":[{"count":1,"href":"https:\/\/folhaespirita.com.br\/pt\/wp-json\/wp\/v2\/posts\/13356\/revisions"}],"predecessor-version":[{"id":13359,"href":"https:\/\/folhaespirita.com.br\/pt\/wp-json\/wp\/v2\/posts\/13356\/revisions\/13359"}],"wp:featuredmedia":[{"embeddable":true,"href":"https:\/\/folhaespirita.com.br\/pt\/wp-json\/wp\/v2\/media\/13358"}],"wp:attachment":[{"href":"https:\/\/folhaespirita.com.br\/pt\/wp-json\/wp\/v2\/media?parent=13356"}],"wp:term":[{"taxonomy":"category","embeddable":true,"href":"https:\/\/folhaespirita.com.br\/pt\/wp-json\/wp\/v2\/categories?post=13356"},{"taxonomy":"post_tag","embeddable":true,"href":"https:\/\/folhaespirita.com.br\/pt\/wp-json\/wp\/v2\/tags?post=13356"},{"taxonomy":"edicoes","embeddable":true,"href":"https:\/\/folhaespirita.com.br\/pt\/wp-json\/wp\/v2\/edicoes?post=13356"}],"curies":[{"name":"wp","href":"https:\/\/api.w.org\/{rel}","templated":true}]}}