{"id":3121,"date":"2022-04-01T17:55:17","date_gmt":"2022-04-01T20:55:17","guid":{"rendered":"https:\/\/folhaespirita.com.br.br\/jornal\/?p=3121"},"modified":"2026-01-23T20:17:16","modified_gmt":"2026-01-23T23:17:16","slug":"chico-xavier-o-apostolo-da-renovacao-humana-entre-nos","status":"publish","type":"post","link":"https:\/\/folhaespirita.com.br\/pt\/2022\/04\/01\/chico-xavier-o-apostolo-da-renovacao-humana-entre-nos\/","title":{"rendered":"O Ap\u00f3stolo da Renova\u00e7\u00e3o Humana entre n\u00f3s"},"content":{"rendered":"<p>Dois de abril est\u00e1 eternizado em nossos cora\u00e7\u00f5es, pois foi nessa data que o Nosso Mestre Jesus designou que Chico Xavier reencarnasse novamente para seguir com seu apostolado de luz, doando \u00e0 humanidade sua pr\u00f3pria vida. Neste ano, especificamente quando se completam 20 anos do regresso do m\u00e9dium \u00e0 p\u00e1tria espiritual, e ainda, infelizmente, marcado por acontecimentos t\u00e3o dolorosos como a guerra, sentimos mais intensamente a necessidade de revivermos os ensinamentos de Chico em nossas vidas.<\/p>\n\n\n\n<p>Rememoramos seu renascimento no plano f\u00edsico e rendemos nosso preito de gratid\u00e3o a esse Esp\u00edrito de escol, um dos mais l\u00facidos disc\u00edpulos do Cristo, assim denominado por Humberto de Campos, ao se referir \u00e0 reuni\u00e3o no mundo espiritual que decidiria a volta do renascimento de Kardec.<\/p>\n\n\n\n<p>Lembramos que o nascimento de Chico e a celebra\u00e7\u00e3o de seus 92 anos de amor e dedica\u00e7\u00e3o \u00e0 humanidade dizem respeito ao nosso profundo respeito e reconhecimento de sua miss\u00e3o como Kardec-Chico. Nas palavras de Marlene Nobre, no livro <em>Chico Xavier \u2013 meus peda\u00e7os do espelho<\/em>, esse Esp\u00edrito (Kardec-Chico) cumpriu com louvor sua maratona de 200 anos para fincar na Terra a mensagem do consolador prometido pelo Cristo. Dizia ela: \u201cAllan Kardec-Chico Xavier, um s\u00f3 homem, uma s\u00f3 miss\u00e3o\u201d.<\/p>\n\n\n\n<h2 class=\"wp-block-heading\" id=\"h-chico-e-kardec\"><strong>CHICO E KARDEC<\/strong><\/h2>\n\n\n\n<p>Os anos correm, e caber\u00e1 \u00e0 pr\u00f3pria hist\u00f3ria o reconhecimento desse legado deixado por esse Esp\u00edrito. Como Chico dizia quando era questionado sobre o regresso de Kardec: \u201cseja qual for a obra que ele esteja efetuando, ou que venha a realizar, ela falar\u00e1 com eloqu\u00eancia com rela\u00e7\u00e3o \u00e0 presen\u00e7a dele, seja como for ou em qualquer lugar\u201d. Ao observarmos a extraordin\u00e1ria obra de renova\u00e7\u00e3o que Chico nos deixou, temos a certeza de que ela fala por si mesma. E s\u00f3 nos cabe agradecer. Somos gratos pelo seu amor dedicado \u00e0 humanidade.<\/p>\n\n\n\n<p>Para celebrar mais um 2 de abril, enquanto nos correm as l\u00e1grimas dedicadas a ele, recordamos aqui dois pequenos trechos, o primeiro da mensagem de Hil\u00e1rio Silva, chamada \u201cA volta de Allan Kardec\u201d, psicografada por Ant\u00f4nio Baduy Filho, em 31 de outubro de 1997, j\u00e1 publicada neste jornal em 1998. Nesta se descrevem a reuni\u00e3o importante que definiria o retorno de Kardec \u00e0s lides terrenas e o maravilhoso di\u00e1logo de Kardec com um vener\u00e1vel preposto de Jesus. Disse o emiss\u00e1rio do Cristo:<\/p>\n\n\n\n<p>\u2013 Renascer\u00e1s em condi\u00e7\u00f5es adversas&#8230;<br>\u2013 Obedecerei \u00e0 vontade do Senhor \u2013 responde Kardec.<br>\u2013 Come\u00e7ar\u00e1s muito novo, entre afli\u00e7\u00f5es e dificuldades, e trabalhar\u00e1s com sacrif\u00edcio e ren\u00fancias por longo tempo&#8230;<br>\u2013 Dedicarei cada minuto \u00e0 seara do Bem&#8230;<br>\u2013 N\u00e3o possuir\u00e1s t\u00edtulos acad\u00eamicos&#8230;<br>\u2013 O \u00fanico t\u00edtulo que almejo \u00e9 o de fiel servidor do Cristo&#8230;<br>\u2013 Encontrar\u00e1s desconfian\u00e7as e agress\u00f5es&#8230;<br>\u2013 Buscarei na f\u00e9 e na humildade a for\u00e7a para resistir.<br>\u2013 Ter\u00e1s a dor por companhia constante&#8230;<br>\u2013 Saberei aceit\u00e1-la com o amparo do Alto&#8230;<br>\u2013 Companheiros n\u00e3o te entender\u00e3o e se voltar\u00e3o contra ti&#8230;<br>\u2013 Cumprirei meu dever e guardarei a consci\u00eancia em paz.<br>\u2013 N\u00e3o far\u00e1s nada por ti mesmo, ser\u00e1s apenas instrumento&#8230;<br>\u2013 Agradecerei a Deus a oportunidade de servir.<br>\u2013 N\u00e3o gozar\u00e1s alegrias e o aconchego do lar constitu\u00eddo&#8230;<br>\u2013 A humanidade ser\u00e1 minha fam\u00edlia.<br>\u2013 Assumir\u00e1s espinhosa miss\u00e3o no desdobramento da Codifica\u00e7\u00e3o Esp\u00edrita&#8230;<br>\u2013 Serei leal aos princ\u00edpios doutrin\u00e1rios, ciente de que o Espiritismo \u00e9 o Consolador prometido por Jesus.<br>\u2013 A tarefa te exigir\u00e1 devotamento e abnega\u00e7\u00e3o&#8230;<br>\u2013 N\u00e3o hesitarei viver em plenitude o Evangelho e a <strong><a href=\"https:\/\/folhaespirita.com.br\/pt\/cop-26-um-chamado-a-cada-um-de-nos-contra-o-materialismo\/\" target=\"_blank\" rel=\"noreferrer noopener\">Doutrina Esp\u00edrita<\/a><\/strong>.<\/p>\n\n\n\n<p><strong><a href=\"https:\/\/folhaespirita.com.br\/pt\/o-farol-de-nossas-vidas-um-estudo-do-evangelho-por-marlene-nobre\/\" target=\"_blank\" rel=\"noreferrer noopener\">Leia tamb\u00e9m: O farol de nossas vidas, um estudo do Evangelho, por Marlene Nobre<\/a><\/strong><\/p>\n\n\n\n<p>Como <strong><a href=\"https:\/\/folhaespirita.com.br\/pt\/categoria\/biblioteca-chico-xavier\/\" target=\"_blank\" rel=\"noreferrer noopener\">Chico Xavier,<\/a><\/strong> o codificador cumpriu tudo que prometera ao vener\u00e1vel preposto de Jesus. E para coroar nossa homenagem ao Ap\u00f3stolo da Renova\u00e7\u00e3o Humana, recortamos um trecho de uma mensagem de um encontro inesquec\u00edvel, que nada mais \u00e9 do que a descri\u00e7\u00e3o de Chico Xavier de sua visita espiritual a Pedro Leopoldo e ao seu lar antes do renascimento.<\/p>\n\n\n\n<p>Depois de descrever a paisagem que vira, e a entrada do lar, descrevendo <a href=\"https:\/\/folhaespirita.com.br\/pt\/qual-a-importancia-de-jesus-na-vida-de-chico-xavier\/\" target=\"_blank\" rel=\"noreferrer noopener\">Maria Jo\u00e3o de Deus, sua m\u00e3e,<\/a> de forma emocionante, ele revela: \u201cuma simpatia profunda me ligou imediatamente \u00e0quela mulher humilde e tranquila. Parecia-me rever em roupagem diferente uma irm\u00e3 querida de quem me afastara sem precisar por quanto tempo. Incapaz de explicar a emo\u00e7\u00e3o que me dominava, ca\u00ed em pranto em que a dor se misturava com alegria, pois reencontrava uma criatura afetuosa e amiga. Lembro-me de que n\u00e3o me pude conter e caminhei para ela, envolvendo-a num grande abra\u00e7o\u201d.<\/p>\n\n\n\n<p>Com essa cena emocionante, rendemos gra\u00e7as ao que se seguiu depois, quando o Esp\u00edrito de Allan Kardec se une definitivamente \u00e0quela que seria sua m\u00e3e terrena e, em 2 de abril de 1910, retorna \u00e0 vida terrena o Ap\u00f3stolo da Renova\u00e7\u00e3o Humana, em um lar humilde, mas cercado de amor, para cumprir tudo o que tinha prometido ao Cristo.<br>Obrigado, Kardec-Chico, por ter estado conosco uma vez mais e por tanto nos amar.<\/p>\n\n\n\n<figure class=\"wp-block-embed is-type-rich is-provider-spotify wp-block-embed-spotify wp-embed-aspect-21-9 wp-has-aspect-ratio\"><div class=\"wp-block-embed__wrapper\">\n<iframe title=\"Spotify Embed: 144 - Homenagem ao nascimento de Chico Xavier - 02 de abril de 1910\" style=\"border-radius: 12px\" width=\"100%\" height=\"152\" frameborder=\"0\" allowfullscreen allow=\"autoplay; clipboard-write; encrypted-media; fullscreen; picture-in-picture\" loading=\"lazy\" src=\"https:\/\/open.spotify.com\/embed\/episode\/0YRyHlLI5wbBLFR07Elm1X?si=b029414899384482&amp;utm_source=oembed\"><\/iframe>\n<\/div><\/figure>","protected":false},"excerpt":{"rendered":"<p>Dia 2 de abril, data do nascimento de Chico Xavier, o ap\u00f3stolo da Renova\u00e7\u00e3o Humana entre n\u00f3s. Uma homenagem ao grande m\u00e9dium.<\/p>","protected":false},"author":3,"featured_media":3136,"comment_status":"open","ping_status":"open","sticky":false,"template":"","format":"standard","meta":{"_acf_changed":false,"footnotes":""},"categories":[22],"tags":[],"edicoes":[490],"class_list":["post-3121","post","type-post","status-publish","format-standard","has-post-thumbnail","hentry","category-editorial","edicoes-577-2"],"acf":[],"_links":{"self":[{"href":"https:\/\/folhaespirita.com.br\/pt\/wp-json\/wp\/v2\/posts\/3121","targetHints":{"allow":["GET"]}}],"collection":[{"href":"https:\/\/folhaespirita.com.br\/pt\/wp-json\/wp\/v2\/posts"}],"about":[{"href":"https:\/\/folhaespirita.com.br\/pt\/wp-json\/wp\/v2\/types\/post"}],"author":[{"embeddable":true,"href":"https:\/\/folhaespirita.com.br\/pt\/wp-json\/wp\/v2\/users\/3"}],"replies":[{"embeddable":true,"href":"https:\/\/folhaespirita.com.br\/pt\/wp-json\/wp\/v2\/comments?post=3121"}],"version-history":[{"count":2,"href":"https:\/\/folhaespirita.com.br\/pt\/wp-json\/wp\/v2\/posts\/3121\/revisions"}],"predecessor-version":[{"id":3142,"href":"https:\/\/folhaespirita.com.br\/pt\/wp-json\/wp\/v2\/posts\/3121\/revisions\/3142"}],"wp:featuredmedia":[{"embeddable":true,"href":"https:\/\/folhaespirita.com.br\/pt\/wp-json\/wp\/v2\/media\/3136"}],"wp:attachment":[{"href":"https:\/\/folhaespirita.com.br\/pt\/wp-json\/wp\/v2\/media?parent=3121"}],"wp:term":[{"taxonomy":"category","embeddable":true,"href":"https:\/\/folhaespirita.com.br\/pt\/wp-json\/wp\/v2\/categories?post=3121"},{"taxonomy":"post_tag","embeddable":true,"href":"https:\/\/folhaespirita.com.br\/pt\/wp-json\/wp\/v2\/tags?post=3121"},{"taxonomy":"edicoes","embeddable":true,"href":"https:\/\/folhaespirita.com.br\/pt\/wp-json\/wp\/v2\/edicoes?post=3121"}],"curies":[{"name":"wp","href":"https:\/\/api.w.org\/{rel}","templated":true}]}}