{"id":4718,"date":"2023-04-08T12:48:37","date_gmt":"2023-04-08T15:48:37","guid":{"rendered":"https:\/\/folhaespirita.com.br.br\/jornal\/?p=4718"},"modified":"2026-01-23T20:17:10","modified_gmt":"2026-01-23T23:17:10","slug":"congresso-medico-espirita-discutira-a-evolucao-da-ciencia-e-a-etica-do-espirito","status":"publish","type":"post","link":"https:\/\/folhaespirita.com.br\/pt\/2023\/04\/08\/congresso-medico-espirita-discutira-a-evolucao-da-ciencia-e-a-etica-do-espirito\/","title":{"rendered":"Congresso-m\u00e9dico esp\u00edrita discutir\u00e1 a evolu\u00e7\u00e3o da ci\u00eancia e a \u00e9tica do Esp\u00edrito"},"content":{"rendered":"<p>A evolu\u00e7\u00e3o cient\u00edfica que descortinou tantos avan\u00e7os na \u00e1rea de tecnologia e da sa\u00fade <br>tamb\u00e9m criou muitos desafios. Hoje, \u00e9 poss\u00edvel aumentar a idade m\u00e9dia do ser humano em v\u00e1rias d\u00e9cadas. Doen\u00e7as consideradas intrat\u00e1veis j\u00e1 s\u00e3o tratadas. Conseguimos fazer cirurgias sem cortes intra\u00fatero e at\u00e9 no c\u00e9rebro. Isso sem falar das opera\u00e7\u00f5es guiadas a dist\u00e2ncia e das rob\u00f3ticas. Foram muitos os avan\u00e7os para a humanidade. \u201c<em>Quando voc\u00ea passa a ter possibilidade de mexer num embri\u00e3o, por exemplo, pode ter v\u00e1rias escolhas, como fazer uma sele\u00e7\u00e3o g\u00eanica, tentando escolher o melhor, o mais perfeito e o sexo. Com a popula\u00e7\u00e3o mais idosa tamb\u00e9m surgem novos desafios. Os tratamentos de hoje permitem a ressuscita\u00e7\u00e3o de pacientes que antes morriam. Grande parte deles pode ficar em uma situa\u00e7\u00e3o de coma prolongado, que nos faz refletir se seria l\u00edcito tirar suas vidas nessas condi\u00e7\u00f5es. S\u00e3o v\u00e1rias as quest\u00f5es que se encontram diante de n\u00f3s hoje e s\u00e3o elas que deram a base para o tema do Mednesp 2023\u201d<\/em>, afirma o m\u00e9dico intensivista Jos\u00e9 Roberto Pereira Santos (foto), presidente da Associa\u00e7\u00e3o M\u00e9dico-Esp\u00edrita do Estado do Esp\u00edrito Santo (AMEEES), referindo-se \u00e0 <em>evolu\u00e7\u00e3o da ci\u00eancia e a \u00e9tica do Esp\u00edrito<\/em>, tema escolhido para a edi\u00e7\u00e3o deste ano.<\/p>\n\n\n\n<figure class=\"wp-block-image size-large\"><img fetchpriority=\"high\" decoding=\"async\" width=\"746\" height=\"1024\" src=\"https:\/\/folhaespirita.com.br\/wp-content\/uploads\/2023\/04\/Jose-Roberto-Pereira-Santos-746x1024.jpg\" alt=\"\" class=\"wp-image-4719\" srcset=\"https:\/\/folhaespirita.com.br\/wp-content\/uploads\/2023\/04\/Jose-Roberto-Pereira-Santos-746x1024.jpg 746w, https:\/\/folhaespirita.com.br\/wp-content\/uploads\/2023\/04\/Jose-Roberto-Pereira-Santos-218x300.jpg 218w, https:\/\/folhaespirita.com.br\/wp-content\/uploads\/2023\/04\/Jose-Roberto-Pereira-Santos-768x1055.jpg 768w, https:\/\/folhaespirita.com.br\/wp-content\/uploads\/2023\/04\/Jose-Roberto-Pereira-Santos-1118x1536.jpg 1118w, https:\/\/folhaespirita.com.br\/wp-content\/uploads\/2023\/04\/Jose-Roberto-Pereira-Santos.jpg 1342w\" sizes=\"(max-width: 746px) 100vw, 746px\" \/><\/figure>\n\n\n\n<p class=\"has-vivid-cyan-blue-color has-text-color\" style=\"font-size:22px\"><strong>\u201cComo disse Albert Einstein, \u2018a ci\u00eancia sem a religi\u00e3o \u00e9 manca, e a religi\u00e3o sem a ci\u00eancia \u00e9 cega\u2019. Aqui pensamos n\u00e3o s\u00f3 nas religi\u00f5es oficiais, mas na espiritualidade, cren\u00e7a em Deus.\u201d<\/strong><\/p>\n\n\n\n<p>O Mednesp 2023, que est\u00e1 em sua d\u00e9cima terceira edi\u00e7\u00e3o \u2013 o evento aconteceria em 2021, mas foi adiado por conta da pandemia da Covid-19 \u2013 e acontece de 8 a 10 de junho, no Centro de Conven\u00e7\u00f5es de Vit\u00f3ria, tem por objetivo mostrar que o Espiritismo vem para dar apoio \u00e0 ci\u00eancia nessas quest\u00f5es \u00e9ticas. \u201c<em>Com o conhecimento da exist\u00eancia do Esp\u00edrito, da sua sobreviv\u00eancia ap\u00f3s a morte, na sua evolu\u00e7\u00e3o atrav\u00e9s das v\u00e1rias reencarna\u00e7\u00f5es, o livre-arb\u00edtrio e a Lei de causa e efeito, fica mais f\u00e1cil para o homem, e mormente para o profissional da sa\u00fade, tomar as melhores decis\u00f5es. Como dizia a m\u00e9dica Marlene Nobre, grande defensora da vida e fundadora da AME-Brasil, \u2018nossa luta \u00e9 pela uni\u00e3o definitiva entre ci\u00eancia e religi\u00e3o\u2019<\/em>\u201d, declara Santos.<\/p>\n\n\n\n<p>Ser\u00e3o aproximadamente 50 palestrantes, vindos de praticamente todos os estados brasileiros, que discutir\u00e3o temas variados, como eutan\u00e1sia, aborto, inf\u00e2ncia, idoso, avan\u00e7os da tecnologia nas m\u00eddias sociais, fam\u00edlia, drogas, depend\u00eancia qu\u00edmica, quest\u00f5es sexuais, suic\u00eddio, obsess\u00e3o e mediunidade, entre outros. \u201c<em>V\u00e1rios assuntos atuais que est\u00e3o relacionados principalmente ao mundo p\u00f3s-pandemia ser\u00e3o tratados, como o comportamento do ser humano nesse per\u00edodo de isolamento. Vamos apresentar estudo sobre as sequelas p\u00f3s-Covid e a import\u00e2ncia da vacina\u00e7\u00e3o. Foram escolhidos m\u00e9dicos esp\u00edritas com grande conhecimento nessas \u00e1reas e que trar\u00e3o grandes ensinamentos<\/em>\u201d, finaliza.<\/p>\n\n\n\n<h3 class=\"wp-block-heading\">Mednesp<\/h3>\n\n\n\n<p>O Mednesp \u00e9 considerado o maior evento de sa\u00fade e espiritualidade do mundo, que re\u00fane a cada dois anos dezenas de palestrantes. Promovido pela Associa\u00e7\u00e3o M\u00e9dico-Esp\u00edrita do Brasil (AME-Brasil), discute assuntos que aliam medicina e espiritualidade, sempre dentro do paradigma m\u00e9dico-esp\u00edrita, o qual incorpora o conte\u00fado trazido pelos Esp\u00edritos ao conhecimento m\u00e9dico. A AME-Brasil \u00e9 constitu\u00edda atualmente por 69 AMEs regionais.<\/p>\n\n\n\n<p>Confira a programa\u00e7\u00e3o no site do <a href=\"https:\/\/www.mednesp2023.com.br\/#programacao\">Mednesp<\/a>.<\/p>","protected":false},"excerpt":{"rendered":"<p>A evolu\u00e7\u00e3o cient\u00edfica que descortinou tantos avan\u00e7os na \u00e1rea de tecnologia e da sa\u00fade tamb\u00e9m criou muitos desafios. Hoje, \u00e9 poss\u00edvel aumentar a idade m\u00e9dia do ser humano em v\u00e1rias d\u00e9cadas. Doen\u00e7as consideradas intrat\u00e1veis j\u00e1 s\u00e3o tratadas. Conseguimos fazer cirurgias sem cortes intra\u00fatero e at\u00e9 no c\u00e9rebro. Isso sem falar das opera\u00e7\u00f5es guiadas a dist\u00e2ncia [&hellip;]<\/p>\n","protected":false},"author":8,"featured_media":4729,"comment_status":"open","ping_status":"open","sticky":false,"template":"","format":"standard","meta":{"_acf_changed":false,"footnotes":""},"categories":[11],"tags":[],"edicoes":[583],"class_list":["post-4718","post","type-post","status-publish","format-standard","has-post-thumbnail","hentry","category-atualidade","edicoes-589-2"],"acf":[],"_links":{"self":[{"href":"https:\/\/folhaespirita.com.br\/pt\/wp-json\/wp\/v2\/posts\/4718","targetHints":{"allow":["GET"]}}],"collection":[{"href":"https:\/\/folhaespirita.com.br\/pt\/wp-json\/wp\/v2\/posts"}],"about":[{"href":"https:\/\/folhaespirita.com.br\/pt\/wp-json\/wp\/v2\/types\/post"}],"author":[{"embeddable":true,"href":"https:\/\/folhaespirita.com.br\/pt\/wp-json\/wp\/v2\/users\/8"}],"replies":[{"embeddable":true,"href":"https:\/\/folhaespirita.com.br\/pt\/wp-json\/wp\/v2\/comments?post=4718"}],"version-history":[{"count":2,"href":"https:\/\/folhaespirita.com.br\/pt\/wp-json\/wp\/v2\/posts\/4718\/revisions"}],"predecessor-version":[{"id":4746,"href":"https:\/\/folhaespirita.com.br\/pt\/wp-json\/wp\/v2\/posts\/4718\/revisions\/4746"}],"wp:featuredmedia":[{"embeddable":true,"href":"https:\/\/folhaespirita.com.br\/pt\/wp-json\/wp\/v2\/media\/4729"}],"wp:attachment":[{"href":"https:\/\/folhaespirita.com.br\/pt\/wp-json\/wp\/v2\/media?parent=4718"}],"wp:term":[{"taxonomy":"category","embeddable":true,"href":"https:\/\/folhaespirita.com.br\/pt\/wp-json\/wp\/v2\/categories?post=4718"},{"taxonomy":"post_tag","embeddable":true,"href":"https:\/\/folhaespirita.com.br\/pt\/wp-json\/wp\/v2\/tags?post=4718"},{"taxonomy":"edicoes","embeddable":true,"href":"https:\/\/folhaespirita.com.br\/pt\/wp-json\/wp\/v2\/edicoes?post=4718"}],"curies":[{"name":"wp","href":"https:\/\/api.w.org\/{rel}","templated":true}]}}