{"id":7963,"date":"2025-03-10T23:37:54","date_gmt":"2025-03-11T02:37:54","guid":{"rendered":"https:\/\/folhaespirita.com.br.br\/jornal\/?p=7963"},"modified":"2026-01-23T20:17:03","modified_gmt":"2026-01-23T23:17:03","slug":"mudancas-climaticas-e-a-primeira-infancia-um-debate-urgente","status":"publish","type":"post","link":"https:\/\/folhaespirita.com.br\/pt\/2025\/03\/10\/mudancas-climaticas-e-a-primeira-infancia-um-debate-urgente\/","title":{"rendered":"Mudan\u00e7as clim\u00e1ticas e a primeira inf\u00e2ncia: um debate urgente"},"content":{"rendered":"\n<p>A recente onda de calor que atingiu o Brasil, com temperaturas recordes em v\u00e1rias cidades, destacou a necessidade de discutir os efeitos das mudan\u00e7as clim\u00e1ticas na primeira inf\u00e2ncia. Esse fen\u00f4meno n\u00e3o \u00e9 apenas uma quest\u00e3o ambiental, mas tamb\u00e9m uma amea\u00e7a aos direitos b\u00e1sicos das crian\u00e7as, como o direito \u00e0 vida, \u00e0 sa\u00fade, \u00e0 educa\u00e7\u00e3o, ao lazer, \u00e0 moradia e ao desenvolvimento integral. Diante desse cen\u00e1rio, \u00e9 fundamental entender como as altera\u00e7\u00f5es clim\u00e1ticas afetam as crian\u00e7as e buscar estrat\u00e9gias que garantam seu bem-estar e seu futuro.<\/p>\n\n\n\n<figure class=\"wp-block-image size-full\"><img fetchpriority=\"high\" decoding=\"async\" width=\"739\" height=\"492\" src=\"https:\/\/folhaespirita.com.br\/wp-content\/uploads\/2025\/03\/mundo.jpg\" alt=\"\" class=\"wp-image-8002\" srcset=\"https:\/\/folhaespirita.com.br\/wp-content\/uploads\/2025\/03\/mundo.jpg 739w, https:\/\/folhaespirita.com.br\/wp-content\/uploads\/2025\/03\/mundo-300x200.jpg 300w, https:\/\/folhaespirita.com.br\/wp-content\/uploads\/2025\/03\/mundo-600x399.jpg 600w\" sizes=\"(max-width: 739px) 100vw, 739px\" \/><\/figure>\n\n\n\n<h2 class=\"wp-block-heading\"><strong>A import\u00e2ncia dos primeiros seis anos de vida<\/strong><\/h2>\n\n\n\n<p>A primeira inf\u00e2ncia, que compreende os primeiros seis anos de vida, \u00e9 uma fase decisiva para o desenvolvimento humano. Durante esse per\u00edodo, o c\u00e9rebro passa por transforma\u00e7\u00f5es r\u00e1pidas e fundamentais, que estabelecem as bases para o aprendizado, o comportamento e a sa\u00fade ao longo da vida. Proteger e promover um ambiente acolhedor, seguro e afetivo \u00e9 essencial para que as crian\u00e7as alcancem seu potencial m\u00e1ximo. Investir nessa fase traz benef\u00edcios significativos para a sociedade, reduzindo desigualdades e impulsionando o desenvolvimento socioecon\u00f4mico sustent\u00e1vel.<\/p>\n\n\n\n<h2 class=\"wp-block-heading\"><strong>Desenvolvimento infantil<\/strong><\/h2>\n\n\n\n<p>O desenvolvimento infantil \u00e9 um processo complexo que come\u00e7a ainda no \u00fatero e envolve aspectos f\u00edsicos, cognitivos, emocionais e sociais. Na primeira inf\u00e2ncia, o c\u00e9rebro \u00e9 altamente sens\u00edvel \u00e0s experi\u00eancias ambientais, o que significa que nutri\u00e7\u00e3o adequada, est\u00edmulos cognitivos e intera\u00e7\u00f5es afetivas s\u00e3o essenciais para um crescimento saud\u00e1vel. A falta desses elementos pode levar a atrasos ou problemas que afetam a trajet\u00f3ria de vida da crian\u00e7a. Portanto, compreender e apoiar o desenvolvimento infantil s\u00e3o cruciais para garantir uma base s\u00f3lida para o futuro.<\/p>\n\n\n\n<h2 class=\"wp-block-heading\"><strong>Ondas de calor e riscos \u00e0 sa\u00fade infantil<\/strong><\/h2>\n\n\n\n<p>O aumento das ondas de calor representa um risco significativo para a sa\u00fade das crian\u00e7as na primeira inf\u00e2ncia. Seu sistema de regula\u00e7\u00e3o t\u00e9rmica ainda imaturo as torna mais vulner\u00e1veis a problemas como desidrata\u00e7\u00e3o, insola\u00e7\u00e3o e agravamento de doen\u00e7as preexistentes. Durante per\u00edodos de calor intenso, hospitais costumam registrar um aumento no n\u00famero de crian\u00e7as com sintomas relacionados ao excesso de calor. Al\u00e9m disso, a exposi\u00e7\u00e3o prolongada a altas temperaturas pode prejudicar o desenvolvimento cognitivo e f\u00edsico, al\u00e9m de afetar o bem-estar emocional, aumentando a irritabilidade e os dist\u00farbios do sono.<\/p>\n\n\n\n<h2 class=\"wp-block-heading\"><strong>Impactos<\/strong><\/h2>\n\n\n\n<p>As crian\u00e7as, especialmente na primeira inf\u00e2ncia, est\u00e3o entre os grupos mais afetados pelas mudan\u00e7as clim\u00e1ticas. O aumento das temperaturas globais e a maior frequ\u00eancia de eventos extremos, como ondas de calor, secas e inunda\u00e7\u00f5es, t\u00eam consequ\u00eancias diretas e indiretas sobre sua sa\u00fade e desenvolvimento.<\/p>\n\n\n\n<ul class=\"wp-block-list\">\n<li><strong>Sa\u00fade f\u00edsica<\/strong> \u2013 ondas de calor podem causar desidrata\u00e7\u00e3o, insola\u00e7\u00e3o e agravar condi\u00e7\u00f5es respirat\u00f3rias, como a asma. Crian\u00e7as pequenas s\u00e3o mais suscet\u00edveis devido ao seu sistema imunol\u00f3gico em desenvolvimento e \u00e0 dificuldade de regular a temperatura corporal.<\/li>\n\n\n\n<li><strong>Sa\u00fade mental<\/strong> \u2013 eventos clim\u00e1ticos extremos podem gerar estresse e ansiedade nas crian\u00e7as, especialmente quando afetam suas fam\u00edlias e comunidades. Desastres naturais, como enchentes ou secas, podem desestabilizar o ambiente familiar, causando inseguran\u00e7a e medo.<\/li>\n\n\n\n<li><strong>Seguran\u00e7a alimentar<\/strong> \u2013 as mudan\u00e7as clim\u00e1ticas afetam a produ\u00e7\u00e3o agr\u00edcola, levando \u00e0 escassez de alimentos e ao aumento dos pre\u00e7os. Isso pode resultar em inseguran\u00e7a alimentar, prejudicando o crescimento f\u00edsico e o desenvolvimento cognitivo das crian\u00e7as.<\/li>\n\n\n\n<li><strong>Acesso \u00e0 educa\u00e7\u00e3o e lazer<\/strong> \u2013 eventos clim\u00e1ticos extremos podem interromper o funcionamento de escolas e espa\u00e7os de lazer, privando as crian\u00e7as de oportunidades essenciais para seu desenvolvimento integral.<\/li>\n<\/ul>\n\n\n\n<h2 class=\"wp-block-heading\"><strong>A natureza como aliada<\/strong><\/h2>\n\n\n\n<p>Apesar dos desafios, o contato com a natureza pode ser um grande aliado no combate aos efeitos das mudan\u00e7as clim\u00e1ticas na primeira inf\u00e2ncia. Ambientes naturais oferecem est\u00edmulos que promovem o desenvolvimento f\u00edsico, cognitivo e emocional das crian\u00e7as. Al\u00e9m disso, atividades ao ar livre em \u00e1reas verdes ajudam a reduzir o estresse e a melhorar a sa\u00fade mental.<\/p>\n\n\n\n<ul class=\"wp-block-list\">\n<li><strong>Promo\u00e7\u00e3o da sa\u00fade<\/strong> \u2013 parques e \u00e1reas verdes proporcionam espa\u00e7os para atividades f\u00edsicas, essenciais para o desenvolvimento motor e a preven\u00e7\u00e3o de doen\u00e7as relacionadas ao sedentarismo.<\/li>\n\n\n\n<li><strong>Educa\u00e7\u00e3o ambiental<\/strong> \u2013 o contato com a natureza desde cedo pode despertar nas crian\u00e7as uma consci\u00eancia ecol\u00f3gica, incentivando pr\u00e1ticas sustent\u00e1veis e o respeito ao meio ambiente.<\/li>\n\n\n\n<li><strong>Resili\u00eancia e adapta\u00e7\u00e3o<\/strong> \u2013 ambientes naturais bem preservados ajudam a mitigar os efeitos das mudan\u00e7as clim\u00e1ticas, como a regula\u00e7\u00e3o da temperatura e a redu\u00e7\u00e3o de enchentes, beneficiando diretamente as comunidades onde as crian\u00e7as vivem.<\/li>\n<\/ul>\n\n\n\n<h2 class=\"wp-block-heading\"><strong>A necessidade de a\u00e7\u00f5es urgentes<\/strong><\/h2>\n\n\n\n<p>Para proteger a primeira inf\u00e2ncia dos impactos das mudan\u00e7as clim\u00e1ticas, \u00e9 essencial adotar medidas integradas que envolvam governos, comunidades e fam\u00edlias:<\/p>\n\n\n\n<ul class=\"wp-block-list\">\n<li><strong>Educa\u00e7\u00e3o e conscientiza\u00e7\u00e3o<\/strong> \u2013 programas de educa\u00e7\u00e3o ambiental devem ser implementados desde a primeira inf\u00e2ncia, ensinando as crian\u00e7as sobre a import\u00e2ncia da preserva\u00e7\u00e3o do meio ambiente e de pr\u00e1ticas sustent\u00e1veis.<\/li>\n\n\n\n<li><strong>Fortalecimento das comunidades<\/strong> \u2013 comunidades mais resilientes s\u00e3o capazes de proteger melhor suas crian\u00e7as. Isso inclui investimentos em infraestrutura, acesso a servi\u00e7os b\u00e1sicos e programas de apoio \u00e0s fam\u00edlias.<\/li>\n\n\n\n<li><strong>Papel das fam\u00edlias<\/strong> \u2013 pais e cuidadores t\u00eam um papel fundamental em garantir que as crian\u00e7as tenham um ambiente seguro e est\u00e1vel, al\u00e9m de promover h\u00e1bitos sustent\u00e1veis no dia a dia.<\/li>\n<\/ul>\n\n\n\n<h2 class=\"wp-block-heading\"><strong>Dicas para discutir o tema nas salas de Evangeliza\u00e7\u00e3o infantojuvenil esp\u00edrita<\/strong><\/h2>\n\n\n\n<p>As mudan\u00e7as clim\u00e1ticas e seus efeitos na primeira inf\u00e2ncia devem ser discutidos nas salas de Evangeliza\u00e7\u00e3o infantojuvenil esp\u00edrita. A Doutrina Esp\u00edrita, com seu foco na fraternidade, responsabilidade e respeito \u00e0 vida, oferece uma base importante para tratar dessas quest\u00f5es ambientais e sociais com as crian\u00e7as e os jovens.<\/p>\n\n\n\n<ul class=\"wp-block-list\">\n<li><strong>Conscientiza\u00e7\u00e3o e educa\u00e7\u00e3o<\/strong> \u2013 as salas de Evangeliza\u00e7\u00e3o podem ensinar de forma divertida e educativa a import\u00e2ncia de cuidar do planeta e os efeitos das a\u00e7\u00f5es humanas no meio ambiente.<\/li>\n\n\n\n<li><strong>Valores esp\u00edritas<\/strong> \u2013 a pr\u00e1tica da caridade, o respeito ao pr\u00f3ximo e a responsabilidade individual podem ser relacionados ao cuidado com o meio ambiente e com as futuras gera\u00e7\u00f5es.<\/li>\n\n\n\n<li><strong>A\u00e7\u00f5es pr\u00e1ticas<\/strong> \u2013 as crian\u00e7as podem ser incentivadas a participar de atividades como plantar \u00e1rvores, reciclar e criar campanhas de conscientiza\u00e7\u00e3o, aprendendo desde cedo sobre responsabilidade ambiental.<\/li>\n<\/ul>\n\n\n\n<h2 class=\"wp-block-heading\">Refer\u00eancias<\/h2>\n\n\n\n<p class=\"has-small-font-size\">FUNDO DAS NA\u00c7\u00d5ES UNIDAS PARA A INF\u00c2NCIA (UNICEF). <strong>Ferramentas para a a\u00e7\u00e3o clim\u00e1tica. <\/strong>2020. Dispon\u00edvel em: <a href=\"https:\/\/www.unicef.org\/lac\/media\/31656\/file\/Kit-de-Ferramentas.pdf\">https:\/\/www.unicef.org\/lac\/media\/31656\/file\/Kit-de-Ferramentas.pdf<\/a>. Acesso em: 2 mar. 2025.<\/p>\n\n\n\n<p class=\"has-small-font-size\">FUNDO DAS NA\u00c7\u00d5ES UNIDAS PARA A INF\u00c2NCIA (UNICEF). <strong>Gloss\u00e1rio clim\u00e1tico para jovens.<\/strong> 2020. Dispon\u00edvel em: <a href=\"https:\/\/www.unicef.org\/lac\/media\/31666\/file\/Glossario-climatico-para-jovens.pdf\">https:\/\/www.unicef.org\/lac\/media\/31666\/file\/Glossario-climatico-para-jovens.pdf<\/a>. Acesso em: 2 mar. 2025.<\/p>\n\n\n\n<p class=\"has-small-font-size\">FUNDO DAS NA\u00c7\u00d5ES UNIDAS PARA A INF\u00c2NCIA (UNICEF). <strong>Novas diretrizes fornecem o primeiro marco de pol\u00edtica global sobre a prote\u00e7\u00e3o de crian\u00e7as e adolescentes em movimento no contexto das mudan\u00e7as clim\u00e1ticas. <\/strong>2022. Dispon\u00edvel em: <a href=\"https:\/\/www.unicef.org\/brazil\/comunicados-de-imprensa\/novas-diretrizes-fornecem-primeiro-marco-politica-global-sobre-protecao-de-criancas-em-movimento-no-contexto-mudancas-climaticas\">https:\/\/www.unicef.org\/brazil\/comunicados-de-imprensa\/novas-diretrizes-fornecem-primeiro-marco-politica-global-sobre-protecao-de-criancas-em-movimento-no-contexto-mudancas-climaticas<\/a>. Acesso em: 2 mar. 2025.<\/p>\n\n\n\n<p class=\"has-small-font-size\">LUIZ, Andr\u00e9 (Esp\u00edrito). <strong>Nosso Lar. <\/strong>Psicografado por Francisco C\u00e2ndido Xavier. Bras\u00edlia, DF: FEB,<a> 2019.<\/a> (Cole\u00e7\u00e3o A Vida no Mundo Espiritual, 1).<\/p>\n\n\n\n<p class=\"has-small-font-size\">VILLARRAGA, Carlos Orlando. <strong>Desenvolvimento sustent\u00e1vel: <\/strong>o papel dos esp\u00edritas na Agenda 2030. Bras\u00edlia, DF: FEB, 2023.<\/p>\n\n\n\n<p class=\"has-small-font-size\">VILLARRAGA, Carlos Orlando. Desenvolvimento sustent\u00e1vel: o papel dos esp\u00edritas na Agenda 2030. [Entrevista cedida a] <strong>Podcast Folha Esp\u00edrita<\/strong>, S\u00e3o Paulo, n. 2013, 13 dez. 2023. Dispon\u00edvel em: <a href=\"https:\/\/open.spotify.com\/episode\/1V6pucRZgKJ4e0iZhWojlY?si=rBHM1HLqSZSIRh9Le8P43A&amp;nd=1&amp;dlsi=5cf396c7d59d406c\">https:\/\/open.spotify.com\/episode\/1V6pucRZgKJ4e0iZhWojlY?si=rBHM1HLqSZSIRh9Le8P43A&amp;nd=1&amp;dlsi=5cf396c7d59d406c<\/a>. Acesso em: 2 mar. 2025.<\/p>\n","protected":false},"excerpt":{"rendered":"<p>A recente onda de calor que atingiu o Brasil, com temperaturas recordes em v\u00e1rias cidades, destacou a necessidade de discutir os efeitos das mudan\u00e7as clim\u00e1ticas na primeira inf\u00e2ncia. Esse fen\u00f4meno n\u00e3o \u00e9 apenas uma quest\u00e3o ambiental, mas tamb\u00e9m uma amea\u00e7a aos direitos b\u00e1sicos das crian\u00e7as, como o direito \u00e0 vida, \u00e0 sa\u00fade, \u00e0 educa\u00e7\u00e3o, ao [&hellip;]<\/p>\n","protected":false},"author":4,"featured_media":8003,"comment_status":"open","ping_status":"open","sticky":false,"template":"","format":"standard","meta":{"_acf_changed":false,"footnotes":""},"categories":[16],"tags":[],"edicoes":[636],"class_list":["post-7963","post","type-post","status-publish","format-standard","has-post-thumbnail","hentry","category-cantinho-do-evangelizador","edicoes-marco-de-2025"],"acf":[],"_links":{"self":[{"href":"https:\/\/folhaespirita.com.br\/pt\/wp-json\/wp\/v2\/posts\/7963","targetHints":{"allow":["GET"]}}],"collection":[{"href":"https:\/\/folhaespirita.com.br\/pt\/wp-json\/wp\/v2\/posts"}],"about":[{"href":"https:\/\/folhaespirita.com.br\/pt\/wp-json\/wp\/v2\/types\/post"}],"author":[{"embeddable":true,"href":"https:\/\/folhaespirita.com.br\/pt\/wp-json\/wp\/v2\/users\/4"}],"replies":[{"embeddable":true,"href":"https:\/\/folhaespirita.com.br\/pt\/wp-json\/wp\/v2\/comments?post=7963"}],"version-history":[{"count":2,"href":"https:\/\/folhaespirita.com.br\/pt\/wp-json\/wp\/v2\/posts\/7963\/revisions"}],"predecessor-version":[{"id":8004,"href":"https:\/\/folhaespirita.com.br\/pt\/wp-json\/wp\/v2\/posts\/7963\/revisions\/8004"}],"wp:featuredmedia":[{"embeddable":true,"href":"https:\/\/folhaespirita.com.br\/pt\/wp-json\/wp\/v2\/media\/8003"}],"wp:attachment":[{"href":"https:\/\/folhaespirita.com.br\/pt\/wp-json\/wp\/v2\/media?parent=7963"}],"wp:term":[{"taxonomy":"category","embeddable":true,"href":"https:\/\/folhaespirita.com.br\/pt\/wp-json\/wp\/v2\/categories?post=7963"},{"taxonomy":"post_tag","embeddable":true,"href":"https:\/\/folhaespirita.com.br\/pt\/wp-json\/wp\/v2\/tags?post=7963"},{"taxonomy":"edicoes","embeddable":true,"href":"https:\/\/folhaespirita.com.br\/pt\/wp-json\/wp\/v2\/edicoes?post=7963"}],"curies":[{"name":"wp","href":"https:\/\/api.w.org\/{rel}","templated":true}]}}